{"id":11868,"date":"2025-02-19T10:40:35","date_gmt":"2025-02-19T13:40:35","guid":{"rendered":"https:\/\/laserenaradio.cl\/web\/?p=11868"},"modified":"2025-02-19T10:42:09","modified_gmt":"2025-02-19T13:42:09","slug":"ursino-expulsado-tras-un-planchazo-a-gilberto-en-partido-por-libertadores","status":"publish","type":"post","link":"https:\/\/laserenaradio.cl\/web\/2025\/02\/19\/ursino-expulsado-tras-un-planchazo-a-gilberto-en-partido-por-libertadores\/","title":{"rendered":"Ursino, expulsado tras un planchazo a Gilberto en partido por Libertadores."},"content":{"rendered":"\n<p><b>El jugador argentino-boliviano Luciano Ursino, de The Strongest, fue expulsado en el minuto cinco del partido por una agresiva falta contra Gilberto de Bah\u00eda durante Copa Libertadores<\/b><\/p>\n\n\n\n<!--more-->\n\n\n\n<p>.<\/p>\n\n\n\n<p>A los 18 minutos, Sebasti\u00e1n Guerrero marc\u00f3 el primer gol para The Strongest, pero Willian empat\u00f3 el encuentro a los 69 minutos.<\/p>\n\n\n\n<p>El partido de vuelta se jugar\u00e1 el 25 de febrero.<\/p>\n\n\n\n<figure class=\"wp-block-embed is-type-rich is-provider-twitter wp-block-embed-twitter\"><div class=\"wp-block-embed__wrapper\">\n<blockquote class=\"twitter-tweet\" data-width=\"500\" data-dnt=\"true\"><p lang=\"es\" dir=\"ltr\">ROJA DIRECTA PARA URSINO EN THE STRONGEST VS. BAH\u00cdA.<br><br>\ud83d\udcfa Mir\u00e1 TODA la CONMEBOL <a href=\"https:\/\/twitter.com\/hashtag\/Libertadores?src=hash&amp;ref_src=twsrc%5Etfw\">#Libertadores<\/a> por <a href=\"https:\/\/twitter.com\/hashtag\/DisneyPlus?src=hash&amp;ref_src=twsrc%5Etfw\">#DisneyPlus<\/a> Premium <a href=\"https:\/\/t.co\/p2EN0u7wns\">pic.twitter.com\/p2EN0u7wns<\/a><\/p>&mdash; SportsCenter (@SC_ESPN) <a href=\"https:\/\/twitter.com\/SC_ESPN\/status\/1892011491391390165?ref_src=twsrc%5Etfw\">February 19, 2025<\/a><\/blockquote><script async src=\"https:\/\/platform.twitter.com\/widgets.js\" charset=\"utf-8\"><\/script>\n<\/div><\/figure>\n","protected":false},"excerpt":{"rendered":"<p>El jugador argentino-boliviano Luciano Ursino, de The Strongest, fue expulsado en el minuto cinco del partido por una agresiva falta contra Gilberto de Bah\u00eda durante Copa Libertadores<\/p>\n","protected":false},"author":2,"featured_media":11867,"comment_status":"closed","ping_status":"open","sticky":false,"template":"","format":"standard","meta":{"_jetpack_memberships_contains_paid_content":false,"jnews-multi-image_gallery":[],"jnews_single_post":{"format":"standard"},"jnews_primary_category":[],"jnews_social_meta":[],"jnews_paywall_metabox":[],"jnews_review":[],"enable_review":"","type":"","name":"","summary":"","brand":"","sku":"","good":[],"bad":[],"score_override":"","override_value":"","rating":[],"price":[],"jnews_override_counter":[],"jnews_post_split":[],"footnotes":""},"categories":[84],"tags":[],"class_list":["post-11868","post","type-post","status-publish","format-standard","has-post-thumbnail","hentry","category-deportes"],"jetpack_featured_media_url":"https:\/\/laserenaradio.cl\/web\/wp-content\/uploads\/2025\/02\/homepiaiextractoscrapimg_webppartidoTheStrongestexpulsadoGilberto_0.webp","jetpack_sharing_enabled":true,"_links":{"self":[{"href":"https:\/\/laserenaradio.cl\/web\/wp-json\/wp\/v2\/posts\/11868","targetHints":{"allow":["GET"]}}],"collection":[{"href":"https:\/\/laserenaradio.cl\/web\/wp-json\/wp\/v2\/posts"}],"about":[{"href":"https:\/\/laserenaradio.cl\/web\/wp-json\/wp\/v2\/types\/post"}],"author":[{"embeddable":true,"href":"https:\/\/laserenaradio.cl\/web\/wp-json\/wp\/v2\/users\/2"}],"replies":[{"embeddable":true,"href":"https:\/\/laserenaradio.cl\/web\/wp-json\/wp\/v2\/comments?post=11868"}],"version-history":[{"count":2,"href":"https:\/\/laserenaradio.cl\/web\/wp-json\/wp\/v2\/posts\/11868\/revisions"}],"predecessor-version":[{"id":11870,"href":"https:\/\/laserenaradio.cl\/web\/wp-json\/wp\/v2\/posts\/11868\/revisions\/11870"}],"wp:featuredmedia":[{"embeddable":true,"href":"https:\/\/laserenaradio.cl\/web\/wp-json\/wp\/v2\/media\/11867"}],"wp:attachment":[{"href":"https:\/\/laserenaradio.cl\/web\/wp-json\/wp\/v2\/media?parent=11868"}],"wp:term":[{"taxonomy":"category","embeddable":true,"href":"https:\/\/laserenaradio.cl\/web\/wp-json\/wp\/v2\/categories?post=11868"},{"taxonomy":"post_tag","embeddable":true,"href":"https:\/\/laserenaradio.cl\/web\/wp-json\/wp\/v2\/tags?post=11868"}],"curies":[{"name":"wp","href":"https:\/\/api.w.org\/{rel}","templated":true}]}}