{"id":11865,"date":"2025-02-19T10:38:56","date_gmt":"2025-02-19T13:38:56","guid":{"rendered":"https:\/\/laserenaradio.cl\/web\/?p=11865"},"modified":"2025-02-19T10:38:56","modified_gmt":"2025-02-19T13:38:56","slug":"conductor-de-nacionalidad-venezolana-fue-detenido-en-estacion-central-por-llevar-patente-de-carton","status":"publish","type":"post","link":"https:\/\/laserenaradio.cl\/web\/2025\/02\/19\/conductor-de-nacionalidad-venezolana-fue-detenido-en-estacion-central-por-llevar-patente-de-carton\/","title":{"rendered":"Conductor de nacionalidad venezolana fue detenido en Estaci\u00f3n Central por llevar patente de cart\u00f3n"},"content":{"rendered":"<p><b>Un veh\u00edculo Hyundai Accent fue sorprendido en Estaci\u00f3n Central con patente falsificada, utilizando un cart\u00f3n en el parabrisas<\/b><!--more-->.<\/p>\n<p>El conductor, aparentemente venezolano, intent\u00f3 justificar que la placa hab\u00eda sido robada. El auto tiene 304 multas y su revisi\u00f3n t\u00e9cnica vence desde 2018.<\/p>\n<p>Adem\u00e1s, el conductor portaba una licencia de conducir venezolana vencida.<\/p>\n<p>El detenido podr\u00eda ser acusado por falsificaci\u00f3n de instrumento p\u00fablico.<\/p>\n","protected":false},"excerpt":{"rendered":"<p>Un veh\u00edculo Hyundai Accent fue sorprendido en Estaci\u00f3n Central con patente falsificada, utilizando un cart\u00f3n en el parabrisas<\/p>\n","protected":false},"author":2,"featured_media":11864,"comment_status":"closed","ping_status":"open","sticky":false,"template":"","format":"standard","meta":{"_jetpack_memberships_contains_paid_content":false,"jnews-multi-image_gallery":[],"jnews_single_post":[],"jnews_primary_category":[],"jnews_social_meta":[],"jnews_paywall_metabox":[],"jnews_review":[],"enable_review":"","type":"","name":"","summary":"","brand":"","sku":"","good":[],"bad":[],"score_override":"","override_value":"","rating":[],"price":[],"jnews_override_counter":[],"jnews_post_split":[],"footnotes":""},"categories":[21],"tags":[],"class_list":["post-11865","post","type-post","status-publish","format-standard","has-post-thumbnail","hentry","category-nacional"],"jetpack_featured_media_url":"https:\/\/laserenaradio.cl\/web\/wp-content\/uploads\/2025\/02\/homepiaiextractoscrapimg_webpConductorEstacion_0.webp","jetpack_sharing_enabled":true,"_links":{"self":[{"href":"https:\/\/laserenaradio.cl\/web\/wp-json\/wp\/v2\/posts\/11865","targetHints":{"allow":["GET"]}}],"collection":[{"href":"https:\/\/laserenaradio.cl\/web\/wp-json\/wp\/v2\/posts"}],"about":[{"href":"https:\/\/laserenaradio.cl\/web\/wp-json\/wp\/v2\/types\/post"}],"author":[{"embeddable":true,"href":"https:\/\/laserenaradio.cl\/web\/wp-json\/wp\/v2\/users\/2"}],"replies":[{"embeddable":true,"href":"https:\/\/laserenaradio.cl\/web\/wp-json\/wp\/v2\/comments?post=11865"}],"version-history":[{"count":1,"href":"https:\/\/laserenaradio.cl\/web\/wp-json\/wp\/v2\/posts\/11865\/revisions"}],"predecessor-version":[{"id":11866,"href":"https:\/\/laserenaradio.cl\/web\/wp-json\/wp\/v2\/posts\/11865\/revisions\/11866"}],"wp:featuredmedia":[{"embeddable":true,"href":"https:\/\/laserenaradio.cl\/web\/wp-json\/wp\/v2\/media\/11864"}],"wp:attachment":[{"href":"https:\/\/laserenaradio.cl\/web\/wp-json\/wp\/v2\/media?parent=11865"}],"wp:term":[{"taxonomy":"category","embeddable":true,"href":"https:\/\/laserenaradio.cl\/web\/wp-json\/wp\/v2\/categories?post=11865"},{"taxonomy":"post_tag","embeddable":true,"href":"https:\/\/laserenaradio.cl\/web\/wp-json\/wp\/v2\/tags?post=11865"}],"curies":[{"name":"wp","href":"https:\/\/api.w.org\/{rel}","templated":true}]}}