{"id":11841,"date":"2025-02-18T12:39:36","date_gmt":"2025-02-18T15:39:36","guid":{"rendered":"https:\/\/laserenaradio.cl\/web\/?p=11841"},"modified":"2025-02-18T12:39:36","modified_gmt":"2025-02-18T15:39:36","slug":"un-hombre-de-35-anos-es-asesinado-en-la-interseccion-de-avenida-costanera-con-la-cantera-en-coquimbo","status":"publish","type":"post","link":"https:\/\/laserenaradio.cl\/web\/2025\/02\/18\/un-hombre-de-35-anos-es-asesinado-en-la-interseccion-de-avenida-costanera-con-la-cantera-en-coquimbo\/","title":{"rendered":"Un hombre de 35 a\u00f1os es asesinado en la intersecci\u00f3n de Avenida Costanera con La Cantera en Coquimbo"},"content":{"rendered":"<p><b>Un hombre de 35 a\u00f1os fue asesinado a balazos en la intersecci\u00f3n de Avenida Costanera con La Cantera, en Coquimbo<\/b><!--more-->.<\/p>\n<p>Su cuerpo, con m\u00faltiples impactos de proyectiles, fue encontrado por pasantes y r\u00e1pidamente reportado a <a href=\"https:\/\/www.carabineros.cl\/\">Carabineros<\/a>.<\/p>\n<p>Detectives de la Brigada de Homicidios de La Serena junto al Laboratorio de Criminal\u00edstica Regional iniciaron las primeras investigaciones.<\/p>\n<p>Se encontraron seis vainillas de calibre 9 mm en el lugar del crimen, y se buscan establecer las circunstancias exactas del asesinato.<\/p>\n","protected":false},"excerpt":{"rendered":"<p>Un hombre de 35 a\u00f1os fue asesinado a balazos en la intersecci\u00f3n de Avenida Costanera con La Cantera, en Coquimbo<\/p>\n","protected":false},"author":2,"featured_media":11840,"comment_status":"closed","ping_status":"open","sticky":false,"template":"","format":"standard","meta":{"_jetpack_memberships_contains_paid_content":false,"jnews-multi-image_gallery":[],"jnews_single_post":[],"jnews_primary_category":[],"jnews_social_meta":[],"jnews_paywall_metabox":[],"jnews_review":[],"enable_review":"","type":"","name":"","summary":"","brand":"","sku":"","good":[],"bad":[],"score_override":"","override_value":"","rating":[],"price":[],"jnews_override_counter":[],"jnews_post_split":[],"footnotes":""},"categories":[21],"tags":[],"class_list":["post-11841","post","type-post","status-publish","format-standard","has-post-thumbnail","hentry","category-nacional"],"jetpack_featured_media_url":"https:\/\/laserenaradio.cl\/web\/wp-content\/uploads\/2025\/02\/homepiaiextractoscrapimg_webphombreasesinadoAvenidaCostaneraCoquimbo_1.webp","jetpack_sharing_enabled":true,"_links":{"self":[{"href":"https:\/\/laserenaradio.cl\/web\/wp-json\/wp\/v2\/posts\/11841","targetHints":{"allow":["GET"]}}],"collection":[{"href":"https:\/\/laserenaradio.cl\/web\/wp-json\/wp\/v2\/posts"}],"about":[{"href":"https:\/\/laserenaradio.cl\/web\/wp-json\/wp\/v2\/types\/post"}],"author":[{"embeddable":true,"href":"https:\/\/laserenaradio.cl\/web\/wp-json\/wp\/v2\/users\/2"}],"replies":[{"embeddable":true,"href":"https:\/\/laserenaradio.cl\/web\/wp-json\/wp\/v2\/comments?post=11841"}],"version-history":[{"count":1,"href":"https:\/\/laserenaradio.cl\/web\/wp-json\/wp\/v2\/posts\/11841\/revisions"}],"predecessor-version":[{"id":11842,"href":"https:\/\/laserenaradio.cl\/web\/wp-json\/wp\/v2\/posts\/11841\/revisions\/11842"}],"wp:featuredmedia":[{"embeddable":true,"href":"https:\/\/laserenaradio.cl\/web\/wp-json\/wp\/v2\/media\/11840"}],"wp:attachment":[{"href":"https:\/\/laserenaradio.cl\/web\/wp-json\/wp\/v2\/media?parent=11841"}],"wp:term":[{"taxonomy":"category","embeddable":true,"href":"https:\/\/laserenaradio.cl\/web\/wp-json\/wp\/v2\/categories?post=11841"},{"taxonomy":"post_tag","embeddable":true,"href":"https:\/\/laserenaradio.cl\/web\/wp-json\/wp\/v2\/tags?post=11841"}],"curies":[{"name":"wp","href":"https:\/\/api.w.org\/{rel}","templated":true}]}}