{"id":11838,"date":"2025-02-18T12:38:24","date_gmt":"2025-02-18T15:38:24","guid":{"rendered":"https:\/\/laserenaradio.cl\/web\/?p=11838"},"modified":"2025-02-18T12:38:24","modified_gmt":"2025-02-18T15:38:24","slug":"un-joven-de-24-anos-sufre-un-ataque-con-acido-en-valparaiso-y-enfrenta-un-estado-critico","status":"publish","type":"post","link":"https:\/\/laserenaradio.cl\/web\/2025\/02\/18\/un-joven-de-24-anos-sufre-un-ataque-con-acido-en-valparaiso-y-enfrenta-un-estado-critico\/","title":{"rendered":"Un joven de 24 a\u00f1os sufre un ataque con \u00e1cido en Valpara\u00edso y enfrenta un estado cr\u00edtico"},"content":{"rendered":"<p><b>Un joven de 24 a\u00f1os de Valpara\u00edso fue agredido con \u00e1cido en el centro de la ciudad el 9 de febrero, resultando gravemente herido<\/b><!--more-->.<\/p>\n<p>La agresi\u00f3n caus\u00f3 quemaduras severas en casi el 90% de sus c\u00f3rneas y da\u00f1os en su rostro, garganta y torso.<\/p>\n<p>El joven se encuentra internado y en riesgo vital.<\/p>\n<p>Su familia solicita que se aceleren las investigaciones para identificar al agresor.<\/p>\n<p>Especialistas indican que las primeras horas son cruciales para la estabilizaci\u00f3n del paciente, y alertan sobre los riesgos de infecciones e impacto en otros \u00f3rganos debido a la extensi\u00f3n de las quemaduras..<\/p>\n","protected":false},"excerpt":{"rendered":"<p>Un joven de 24 a\u00f1os de Valpara\u00edso fue agredido con \u00e1cido en el centro de la ciudad el 9 de febrero, resultando gravemente herido<\/p>\n","protected":false},"author":2,"featured_media":11837,"comment_status":"closed","ping_status":"open","sticky":false,"template":"","format":"standard","meta":{"_jetpack_memberships_contains_paid_content":false,"jnews-multi-image_gallery":[],"jnews_single_post":[],"jnews_primary_category":[],"jnews_social_meta":[],"jnews_paywall_metabox":[],"jnews_review":[],"enable_review":"","type":"","name":"","summary":"","brand":"","sku":"","good":[],"bad":[],"score_override":"","override_value":"","rating":[],"price":[],"jnews_override_counter":[],"jnews_post_split":[],"footnotes":""},"categories":[21],"tags":[],"class_list":["post-11838","post","type-post","status-publish","format-standard","has-post-thumbnail","hentry","category-nacional"],"jetpack_featured_media_url":"https:\/\/laserenaradio.cl\/web\/wp-content\/uploads\/2025\/02\/homepiaiextractoscrapimg_webpquemadurasagredidocentro_0.webp","jetpack_sharing_enabled":true,"_links":{"self":[{"href":"https:\/\/laserenaradio.cl\/web\/wp-json\/wp\/v2\/posts\/11838","targetHints":{"allow":["GET"]}}],"collection":[{"href":"https:\/\/laserenaradio.cl\/web\/wp-json\/wp\/v2\/posts"}],"about":[{"href":"https:\/\/laserenaradio.cl\/web\/wp-json\/wp\/v2\/types\/post"}],"author":[{"embeddable":true,"href":"https:\/\/laserenaradio.cl\/web\/wp-json\/wp\/v2\/users\/2"}],"replies":[{"embeddable":true,"href":"https:\/\/laserenaradio.cl\/web\/wp-json\/wp\/v2\/comments?post=11838"}],"version-history":[{"count":1,"href":"https:\/\/laserenaradio.cl\/web\/wp-json\/wp\/v2\/posts\/11838\/revisions"}],"predecessor-version":[{"id":11839,"href":"https:\/\/laserenaradio.cl\/web\/wp-json\/wp\/v2\/posts\/11838\/revisions\/11839"}],"wp:featuredmedia":[{"embeddable":true,"href":"https:\/\/laserenaradio.cl\/web\/wp-json\/wp\/v2\/media\/11837"}],"wp:attachment":[{"href":"https:\/\/laserenaradio.cl\/web\/wp-json\/wp\/v2\/media?parent=11838"}],"wp:term":[{"taxonomy":"category","embeddable":true,"href":"https:\/\/laserenaradio.cl\/web\/wp-json\/wp\/v2\/categories?post=11838"},{"taxonomy":"post_tag","embeddable":true,"href":"https:\/\/laserenaradio.cl\/web\/wp-json\/wp\/v2\/tags?post=11838"}],"curies":[{"name":"wp","href":"https:\/\/api.w.org\/{rel}","templated":true}]}}