{"id":11832,"date":"2025-02-18T11:17:00","date_gmt":"2025-02-18T14:17:00","guid":{"rendered":"https:\/\/laserenaradio.cl\/web\/?p=11832"},"modified":"2025-02-18T11:17:00","modified_gmt":"2025-02-18T14:17:00","slug":"vidal-alerta-sobre-una-posible-separacion-de-fuerzas-en-el-oficialismo","status":"publish","type":"post","link":"https:\/\/laserenaradio.cl\/web\/2025\/02\/18\/vidal-alerta-sobre-una-posible-separacion-de-fuerzas-en-el-oficialismo\/","title":{"rendered":"Vidal alerta sobre una posible separaci\u00f3n de fuerzas en el oficialismo"},"content":{"rendered":"<p><b>El presidente del directorio de TVN y exministro Francisco Vidal analiz\u00f3 el escenario electoral, alertando sobre una posible divisi\u00f3n en el oficialismo<\/b><!--more-->.<\/p>\n<p>Se\u00f1ala que su candidato podr\u00eda salir tercero si se produce esta divisi\u00f3n.<\/p>\n<p>Vidal expres\u00f3 entusiasmo por la posici\u00f3n del sector PPD, afirmando tener &#8220;una oportunidad de ganar&#8221; y mencion\u00f3 a Carolina Toh\u00e1 como su candidata preferida.<\/p>\n<p>Adem\u00e1s, advirti\u00f3 sobre el riesgo de dividirse en la primera vuelta con candidatos del oficialismo, lo que podr\u00eda llevar a un resultado negativo para los candidatos oficiales.<\/p>\n<p>Finalmente, Vidal coment\u00f3 sobre el crecimiento de la candidatura presidencial del Partido Nacional Libertario, Johannes Kaiser, interpret\u00e1ndolo como un &#8220;proceso de radicalizaci\u00f3n&#8221; en la derecha chilena.<\/p>\n","protected":false},"excerpt":{"rendered":"<p>El presidente del directorio de TVN y exministro Francisco Vidal analiz\u00f3 el escenario electoral, alertando sobre una posible divisi\u00f3n en el oficialismo<\/p>\n","protected":false},"author":2,"featured_media":11831,"comment_status":"closed","ping_status":"open","sticky":false,"template":"","format":"standard","meta":{"_jetpack_memberships_contains_paid_content":false,"jnews-multi-image_gallery":[],"jnews_single_post":[],"jnews_primary_category":[],"jnews_social_meta":[],"jnews_paywall_metabox":[],"jnews_review":[],"enable_review":"","type":"","name":"","summary":"","brand":"","sku":"","good":[],"bad":[],"score_override":"","override_value":"","rating":[],"price":[],"jnews_override_counter":[],"jnews_post_split":[],"footnotes":""},"categories":[83],"tags":[],"class_list":["post-11832","post","type-post","status-publish","format-standard","has-post-thumbnail","hentry","category-politica"],"jetpack_featured_media_url":"https:\/\/laserenaradio.cl\/web\/wp-content\/uploads\/2025\/02\/homepiaiextractoscrapimg_webpoficialismoVidalposible_0.webp","jetpack_sharing_enabled":true,"_links":{"self":[{"href":"https:\/\/laserenaradio.cl\/web\/wp-json\/wp\/v2\/posts\/11832","targetHints":{"allow":["GET"]}}],"collection":[{"href":"https:\/\/laserenaradio.cl\/web\/wp-json\/wp\/v2\/posts"}],"about":[{"href":"https:\/\/laserenaradio.cl\/web\/wp-json\/wp\/v2\/types\/post"}],"author":[{"embeddable":true,"href":"https:\/\/laserenaradio.cl\/web\/wp-json\/wp\/v2\/users\/2"}],"replies":[{"embeddable":true,"href":"https:\/\/laserenaradio.cl\/web\/wp-json\/wp\/v2\/comments?post=11832"}],"version-history":[{"count":1,"href":"https:\/\/laserenaradio.cl\/web\/wp-json\/wp\/v2\/posts\/11832\/revisions"}],"predecessor-version":[{"id":11833,"href":"https:\/\/laserenaradio.cl\/web\/wp-json\/wp\/v2\/posts\/11832\/revisions\/11833"}],"wp:featuredmedia":[{"embeddable":true,"href":"https:\/\/laserenaradio.cl\/web\/wp-json\/wp\/v2\/media\/11831"}],"wp:attachment":[{"href":"https:\/\/laserenaradio.cl\/web\/wp-json\/wp\/v2\/media?parent=11832"}],"wp:term":[{"taxonomy":"category","embeddable":true,"href":"https:\/\/laserenaradio.cl\/web\/wp-json\/wp\/v2\/categories?post=11832"},{"taxonomy":"post_tag","embeddable":true,"href":"https:\/\/laserenaradio.cl\/web\/wp-json\/wp\/v2\/tags?post=11832"}],"curies":[{"name":"wp","href":"https:\/\/api.w.org\/{rel}","templated":true}]}}