{"id":11829,"date":"2025-02-18T10:50:59","date_gmt":"2025-02-18T13:50:59","guid":{"rendered":"https:\/\/laserenaradio.cl\/web\/?p=11829"},"modified":"2025-02-18T10:50:59","modified_gmt":"2025-02-18T13:50:59","slug":"400-vehiculos-se-reducen-a-cenizas-en-gran-incendio-en-corralon-municipal-de-san-pedro-de-la-paz","status":"publish","type":"post","link":"https:\/\/laserenaradio.cl\/web\/2025\/02\/18\/400-vehiculos-se-reducen-a-cenizas-en-gran-incendio-en-corralon-municipal-de-san-pedro-de-la-paz\/","title":{"rendered":"400 veh\u00edculos se reducen a cenizas en gran incendio en corral\u00f3n municipal de San Pedro de la Paz"},"content":{"rendered":"<p><b>Un gran incendio afect\u00f3 al corral\u00f3n municipal de San Pedro de la Paz en la regi\u00f3n del B\u00edo B\u00edo, dejando al menos 400 veh\u00edculos da\u00f1ados<\/b><!--more-->.<\/p>\n<p>El incendio comenz\u00f3 durante la noche del lunes y se control\u00f3 cerca de las 4:00 horas del martes.<\/p>\n<p>Se utilizaron 15 unidades de <a href=\"https:\/\/www.bomberos.cl\/\">Bomberos<\/a> y 134 voluntarios para contenerlo.<\/p>\n<p>Personal municipal y del Departamento de Criminal\u00edstica de <a href=\"https:\/\/www.carabineros.cl\/\">Carabineros<\/a> ya iniciaron las investigaciones para determinar la causa.<\/p>\n<p>El alcalde, Juan Pablo Spoerer, confirm\u00f3 que se presentar\u00e1 una querella contra los posibles responsables y preliminarmente se sospecha que el incendio fue intencional.<\/p>\n","protected":false},"excerpt":{"rendered":"<p>Un gran incendio afect\u00f3 al corral\u00f3n municipal de San Pedro de la Paz en la regi\u00f3n del B\u00edo B\u00edo, dejando al menos 400 veh\u00edculos da\u00f1ados<\/p>\n","protected":false},"author":2,"featured_media":11828,"comment_status":"closed","ping_status":"open","sticky":false,"template":"","format":"standard","meta":{"_jetpack_memberships_contains_paid_content":false,"jnews-multi-image_gallery":[],"jnews_single_post":[],"jnews_primary_category":[],"jnews_social_meta":[],"jnews_paywall_metabox":[],"jnews_review":[],"enable_review":"","type":"","name":"","summary":"","brand":"","sku":"","good":[],"bad":[],"score_override":"","override_value":"","rating":[],"price":[],"jnews_override_counter":[],"jnews_post_split":[],"footnotes":""},"categories":[21],"tags":[],"class_list":["post-11829","post","type-post","status-publish","format-standard","has-post-thumbnail","hentry","category-nacional"],"jetpack_featured_media_url":"https:\/\/laserenaradio.cl\/web\/wp-content\/uploads\/2025\/02\/homepiaiextractoscrapimg_webpincendiomunicipalgranSanPedro_0.webp","jetpack_sharing_enabled":true,"_links":{"self":[{"href":"https:\/\/laserenaradio.cl\/web\/wp-json\/wp\/v2\/posts\/11829","targetHints":{"allow":["GET"]}}],"collection":[{"href":"https:\/\/laserenaradio.cl\/web\/wp-json\/wp\/v2\/posts"}],"about":[{"href":"https:\/\/laserenaradio.cl\/web\/wp-json\/wp\/v2\/types\/post"}],"author":[{"embeddable":true,"href":"https:\/\/laserenaradio.cl\/web\/wp-json\/wp\/v2\/users\/2"}],"replies":[{"embeddable":true,"href":"https:\/\/laserenaradio.cl\/web\/wp-json\/wp\/v2\/comments?post=11829"}],"version-history":[{"count":1,"href":"https:\/\/laserenaradio.cl\/web\/wp-json\/wp\/v2\/posts\/11829\/revisions"}],"predecessor-version":[{"id":11830,"href":"https:\/\/laserenaradio.cl\/web\/wp-json\/wp\/v2\/posts\/11829\/revisions\/11830"}],"wp:featuredmedia":[{"embeddable":true,"href":"https:\/\/laserenaradio.cl\/web\/wp-json\/wp\/v2\/media\/11828"}],"wp:attachment":[{"href":"https:\/\/laserenaradio.cl\/web\/wp-json\/wp\/v2\/media?parent=11829"}],"wp:term":[{"taxonomy":"category","embeddable":true,"href":"https:\/\/laserenaradio.cl\/web\/wp-json\/wp\/v2\/categories?post=11829"},{"taxonomy":"post_tag","embeddable":true,"href":"https:\/\/laserenaradio.cl\/web\/wp-json\/wp\/v2\/tags?post=11829"}],"curies":[{"name":"wp","href":"https:\/\/api.w.org\/{rel}","templated":true}]}}