{"id":11814,"date":"2025-02-17T22:24:38","date_gmt":"2025-02-18T01:24:38","guid":{"rendered":"https:\/\/laserenaradio.cl\/web\/?p=11814"},"modified":"2025-02-17T22:24:38","modified_gmt":"2025-02-18T01:24:38","slug":"marcos-ilabaca-una-nueva-candidatura-de-michelle-bachelet-seria-una-derrota-generacional","status":"publish","type":"post","link":"https:\/\/laserenaradio.cl\/web\/2025\/02\/17\/marcos-ilabaca-una-nueva-candidatura-de-michelle-bachelet-seria-una-derrota-generacional\/","title":{"rendered":"Marcos Ilabaca: Una nueva candidatura de Michelle Bachelet ser\u00eda una &#8220;derrota generacional&#8221;"},"content":{"rendered":"<p><b>El diputado Marcos Ilabaca del PS argumenta que una posible candidatura presidencial de Michelle Bachelet ser\u00eda una &#8220;derrota generacional&#8221; para el oficialismo chileno debido a la falta de liderazgo y programa en la izquierda actual<\/b><!--more-->.<\/p>\n<p>Seg\u00fan Ilabaca, ninguno de los actuales candidatos marca en las encuestas, mientras que Bachelet sigue siendo una figura muy reconocida.<\/p>\n<p>El parlamentario se\u00f1ala que esta situaci\u00f3n refleja una crisis pol\u00edtica e ideol\u00f3gica, con falta de nuevos liderazgos competitivos entre su generaci\u00f3n.<\/p>\n<p>Aunque Bachelet ha declarado que no ser\u00e1 candidata, Ilabaca cree que la sociedad le pide &#8220;que asuma el liderazgo&#8221;.<\/p>\n<p>Ilabaca identifica una crisis en la estructura partidaria y en los debates profundos sobre el futuro de la sociedad.<\/p>\n<p>Adem\u00e1s, se\u00f1ala que figuras como Paulina Vodanovic y \u00c1lvaro Elizalde, aunque destacadas, no son competitivos en las encuestas.<\/p>\n<p>Finalmente, Ilabaca se\u00f1ala que este escenario no es solo una debilidad del oficialismo, sino tambi\u00e9n de la derecha, representada por Evelyn Matthei.<\/p>\n<p>S\u00f3lo Johannes Kaiser podr\u00eda romper la l\u00f3gica actual seg\u00fan el diputado.<\/p>\n","protected":false},"excerpt":{"rendered":"<p>El diputado Marcos Ilabaca del PS argumenta que una posible candidatura presidencial de Michelle Bachelet ser\u00eda una &#8220;derrota generacional&#8221; para el oficialismo chileno debido a la falta de liderazgo y programa en la izquierda actual<\/p>\n","protected":false},"author":2,"featured_media":11813,"comment_status":"closed","ping_status":"open","sticky":false,"template":"","format":"standard","meta":{"_jetpack_memberships_contains_paid_content":false,"jnews-multi-image_gallery":[],"jnews_single_post":[],"jnews_primary_category":[],"jnews_social_meta":[],"jnews_paywall_metabox":[],"jnews_review":[],"enable_review":"","type":"","name":"","summary":"","brand":"","sku":"","good":[],"bad":[],"score_override":"","override_value":"","rating":[],"price":[],"jnews_override_counter":[],"jnews_post_split":[],"footnotes":""},"categories":[83],"tags":[],"class_list":["post-11814","post","type-post","status-publish","format-standard","has-post-thumbnail","hentry","category-politica"],"jetpack_featured_media_url":"https:\/\/laserenaradio.cl\/web\/wp-content\/uploads\/2025\/02\/homepiaiextractoscrapimg_webpIlabacadiputadoMarcosIlabacacandidatura_0.webp","jetpack_sharing_enabled":true,"_links":{"self":[{"href":"https:\/\/laserenaradio.cl\/web\/wp-json\/wp\/v2\/posts\/11814","targetHints":{"allow":["GET"]}}],"collection":[{"href":"https:\/\/laserenaradio.cl\/web\/wp-json\/wp\/v2\/posts"}],"about":[{"href":"https:\/\/laserenaradio.cl\/web\/wp-json\/wp\/v2\/types\/post"}],"author":[{"embeddable":true,"href":"https:\/\/laserenaradio.cl\/web\/wp-json\/wp\/v2\/users\/2"}],"replies":[{"embeddable":true,"href":"https:\/\/laserenaradio.cl\/web\/wp-json\/wp\/v2\/comments?post=11814"}],"version-history":[{"count":1,"href":"https:\/\/laserenaradio.cl\/web\/wp-json\/wp\/v2\/posts\/11814\/revisions"}],"predecessor-version":[{"id":11815,"href":"https:\/\/laserenaradio.cl\/web\/wp-json\/wp\/v2\/posts\/11814\/revisions\/11815"}],"wp:featuredmedia":[{"embeddable":true,"href":"https:\/\/laserenaradio.cl\/web\/wp-json\/wp\/v2\/media\/11813"}],"wp:attachment":[{"href":"https:\/\/laserenaradio.cl\/web\/wp-json\/wp\/v2\/media?parent=11814"}],"wp:term":[{"taxonomy":"category","embeddable":true,"href":"https:\/\/laserenaradio.cl\/web\/wp-json\/wp\/v2\/categories?post=11814"},{"taxonomy":"post_tag","embeddable":true,"href":"https:\/\/laserenaradio.cl\/web\/wp-json\/wp\/v2\/tags?post=11814"}],"curies":[{"name":"wp","href":"https:\/\/api.w.org\/{rel}","templated":true}]}}