{"id":11808,"date":"2025-02-17T22:18:27","date_gmt":"2025-02-18T01:18:27","guid":{"rendered":"https:\/\/laserenaradio.cl\/web\/?p=11808"},"modified":"2025-02-17T22:18:27","modified_gmt":"2025-02-18T01:18:27","slug":"carabinero-de-alta-jerarquia-es-destituido-tras-acusacion-de-abuso-sexual","status":"publish","type":"post","link":"https:\/\/laserenaradio.cl\/web\/2025\/02\/17\/carabinero-de-alta-jerarquia-es-destituido-tras-acusacion-de-abuso-sexual\/","title":{"rendered":"Carabinero de alta jerarqu\u00eda es destituido tras acusaci\u00f3n de abuso sexual"},"content":{"rendered":"<p><b>Un jefe de la Tercera Comisar\u00eda de <a href=\"https:\/\/www.carabineros.cl\/\">Carabineros<\/a> en Penco, mayor Dante Cifuentes, fue removido de su cargo tras una denuncia de acoso sexual contra una subalterna<\/b><!--more-->.<\/p>\n<p>Se inici\u00f3 un sumario administrativo y una investigaci\u00f3n penal por posibles delitos.<\/p>\n<p>La v\u00edctima recibi\u00f3 contenci\u00f3n inmediata, pero detalles sobre el caso no fueron proporcionados.<\/p>\n","protected":false},"excerpt":{"rendered":"<p>Un jefe de la Tercera Comisar\u00eda de Carabineros en Penco, mayor Dante Cifuentes, fue removido de su cargo tras una denuncia de acoso sexual contra una subalterna<\/p>\n","protected":false},"author":2,"featured_media":11807,"comment_status":"closed","ping_status":"open","sticky":false,"template":"","format":"standard","meta":{"_jetpack_memberships_contains_paid_content":false,"jnews-multi-image_gallery":[],"jnews_single_post":[],"jnews_primary_category":[],"jnews_social_meta":[],"jnews_paywall_metabox":[],"jnews_review":[],"enable_review":"","type":"","name":"","summary":"","brand":"","sku":"","good":[],"bad":[],"score_override":"","override_value":"","rating":[],"price":[],"jnews_override_counter":[],"jnews_post_split":[],"footnotes":""},"categories":[21],"tags":[],"class_list":["post-11808","post","type-post","status-publish","format-standard","has-post-thumbnail","hentry","category-nacional"],"jetpack_featured_media_url":"https:\/\/laserenaradio.cl\/web\/wp-content\/uploads\/2025\/02\/homepiaiextractoscrapimg_webpCarabinerosexual_0.webp","jetpack_sharing_enabled":true,"_links":{"self":[{"href":"https:\/\/laserenaradio.cl\/web\/wp-json\/wp\/v2\/posts\/11808","targetHints":{"allow":["GET"]}}],"collection":[{"href":"https:\/\/laserenaradio.cl\/web\/wp-json\/wp\/v2\/posts"}],"about":[{"href":"https:\/\/laserenaradio.cl\/web\/wp-json\/wp\/v2\/types\/post"}],"author":[{"embeddable":true,"href":"https:\/\/laserenaradio.cl\/web\/wp-json\/wp\/v2\/users\/2"}],"replies":[{"embeddable":true,"href":"https:\/\/laserenaradio.cl\/web\/wp-json\/wp\/v2\/comments?post=11808"}],"version-history":[{"count":1,"href":"https:\/\/laserenaradio.cl\/web\/wp-json\/wp\/v2\/posts\/11808\/revisions"}],"predecessor-version":[{"id":11809,"href":"https:\/\/laserenaradio.cl\/web\/wp-json\/wp\/v2\/posts\/11808\/revisions\/11809"}],"wp:featuredmedia":[{"embeddable":true,"href":"https:\/\/laserenaradio.cl\/web\/wp-json\/wp\/v2\/media\/11807"}],"wp:attachment":[{"href":"https:\/\/laserenaradio.cl\/web\/wp-json\/wp\/v2\/media?parent=11808"}],"wp:term":[{"taxonomy":"category","embeddable":true,"href":"https:\/\/laserenaradio.cl\/web\/wp-json\/wp\/v2\/categories?post=11808"},{"taxonomy":"post_tag","embeddable":true,"href":"https:\/\/laserenaradio.cl\/web\/wp-json\/wp\/v2\/tags?post=11808"}],"curies":[{"name":"wp","href":"https:\/\/api.w.org\/{rel}","templated":true}]}}