{"id":11805,"date":"2025-02-17T22:15:43","date_gmt":"2025-02-18T01:15:43","guid":{"rendered":"https:\/\/laserenaradio.cl\/web\/?p=11805"},"modified":"2025-02-17T22:15:43","modified_gmt":"2025-02-18T01:15:43","slug":"carabineros-incorporara-pistolas-taser-para-casos-de-violencia-intrafamiliar-en-la-rm","status":"publish","type":"post","link":"https:\/\/laserenaradio.cl\/web\/2025\/02\/17\/carabineros-incorporara-pistolas-taser-para-casos-de-violencia-intrafamiliar-en-la-rm\/","title":{"rendered":"Carabineros incorporar\u00e1 pistolas taser para casos de Violencia Intrafamiliar en la RM"},"content":{"rendered":"<p><b>El Gobierno ha decidido implementar un piloto con pistolas taser para <a href=\"https:\/\/www.carabineros.cl\/\">Carabineros<\/a> en casos de Violencia Intrafamiliar (VIF) en la Regi\u00f3n Metropolitana<\/b><!--more-->.<\/p>\n<p>Esta medida responde a la controversia surgida tras un doble asesinato en Puente Alto, donde una funcionaria fue apu\u00f1alada y el agresor abatido.<\/p>\n<p>El gobernador de Santiago, Claudio Orrego, ha expresado que se debe ampliar el uso de estas armas no letales a cualquier tipo de agresi\u00f3n contra uniformados, siempre que no impliquen un arma de fuego.<\/p>\n<p>Seg\u00fan la Unidad Consultiva, las pistolas taser se aplicar\u00e1n en casos donde haya &#8220;agresi\u00f3n activa&#8221;, y su uso est\u00e1 sujeto a certificaci\u00f3n y pr\u00e1cticas anuales.<\/p>\n<p>El protocolo final para su implementaci\u00f3n se espera definir en febrero de 2025, con la puesta en marcha del pilotaje prevista para marzo.<\/p>\n<p>Se ha establecido que no se recomienda el uso de estas armas contra ni\u00f1os, ni\u00f1as y adolescentes, as\u00ed como en casos de procesos administrativos o judiciales vigentes.<\/p>\n<p>Orrego valor\u00f3 la medida pero insisti\u00f3 en su ampliaci\u00f3n a cualquier agresi\u00f3n grave contra los uniformados.<\/p>\n","protected":false},"excerpt":{"rendered":"<p>El Gobierno ha decidido implementar un piloto con pistolas taser para Carabineros en casos de Violencia Intrafamiliar (VIF) en la Regi\u00f3n Metropolitana<\/p>\n","protected":false},"author":2,"featured_media":11804,"comment_status":"closed","ping_status":"open","sticky":false,"template":"","format":"standard","meta":{"_jetpack_memberships_contains_paid_content":false,"jnews-multi-image_gallery":[],"jnews_single_post":[],"jnews_primary_category":[],"jnews_social_meta":[],"jnews_paywall_metabox":[],"jnews_review":[],"enable_review":"","type":"","name":"","summary":"","brand":"","sku":"","good":[],"bad":[],"score_override":"","override_value":"","rating":[],"price":[],"jnews_override_counter":[],"jnews_post_split":[],"footnotes":""},"categories":[21],"tags":[],"class_list":["post-11805","post","type-post","status-publish","format-standard","has-post-thumbnail","hentry","category-nacional"],"jetpack_featured_media_url":"https:\/\/laserenaradio.cl\/web\/wp-content\/uploads\/2025\/02\/homepiaiextractoscrapimg_webpcasospistolastaseruso_1.webp","jetpack_sharing_enabled":true,"_links":{"self":[{"href":"https:\/\/laserenaradio.cl\/web\/wp-json\/wp\/v2\/posts\/11805","targetHints":{"allow":["GET"]}}],"collection":[{"href":"https:\/\/laserenaradio.cl\/web\/wp-json\/wp\/v2\/posts"}],"about":[{"href":"https:\/\/laserenaradio.cl\/web\/wp-json\/wp\/v2\/types\/post"}],"author":[{"embeddable":true,"href":"https:\/\/laserenaradio.cl\/web\/wp-json\/wp\/v2\/users\/2"}],"replies":[{"embeddable":true,"href":"https:\/\/laserenaradio.cl\/web\/wp-json\/wp\/v2\/comments?post=11805"}],"version-history":[{"count":1,"href":"https:\/\/laserenaradio.cl\/web\/wp-json\/wp\/v2\/posts\/11805\/revisions"}],"predecessor-version":[{"id":11806,"href":"https:\/\/laserenaradio.cl\/web\/wp-json\/wp\/v2\/posts\/11805\/revisions\/11806"}],"wp:featuredmedia":[{"embeddable":true,"href":"https:\/\/laserenaradio.cl\/web\/wp-json\/wp\/v2\/media\/11804"}],"wp:attachment":[{"href":"https:\/\/laserenaradio.cl\/web\/wp-json\/wp\/v2\/media?parent=11805"}],"wp:term":[{"taxonomy":"category","embeddable":true,"href":"https:\/\/laserenaradio.cl\/web\/wp-json\/wp\/v2\/categories?post=11805"},{"taxonomy":"post_tag","embeddable":true,"href":"https:\/\/laserenaradio.cl\/web\/wp-json\/wp\/v2\/tags?post=11805"}],"curies":[{"name":"wp","href":"https:\/\/api.w.org\/{rel}","templated":true}]}}