{"id":11802,"date":"2025-02-17T22:10:20","date_gmt":"2025-02-18T01:10:20","guid":{"rendered":"https:\/\/laserenaradio.cl\/web\/?p=11802"},"modified":"2025-02-17T22:10:20","modified_gmt":"2025-02-18T01:10:20","slug":"investigan-muertes-en-prision-dos-internos-mueren-por-ingesta-prolongada-de-sustancia-y-otro-esta-en-riesgo-vital","status":"publish","type":"post","link":"https:\/\/laserenaradio.cl\/web\/2025\/02\/17\/investigan-muertes-en-prision-dos-internos-mueren-por-ingesta-prolongada-de-sustancia-y-otro-esta-en-riesgo-vital\/","title":{"rendered":"Investigan muertes en prisi\u00f3n: dos internos mueren por ingesta prolongada de sustancia y otro est\u00e1 en riesgo vital."},"content":{"rendered":"<p><b>Un fatal incidente ocurri\u00f3 en el Centro Penitenciario de Alto Hospicio, donde dos internos murieron tras ingesta prolongada de una sustancia desconocida<\/b><!--more-->.<\/p>\n<p>Adem\u00e1s, un tercer recluso result\u00f3 gravemente herido y fue hospitalizado, enfrentando riesgo vital.<\/p>\n<p>El Ministerio P\u00fablico instruy\u00f3 pericias qu\u00edmicas a la Polic\u00eda de Investigaciones (<a href=\"https:\/\/www.pdichile.cl\/\">PDI<\/a>) y el <a href=\"http:\/\/www.sml.gob.cl\/\">Servicio M\u00e9dico Legal<\/a>.<\/p>\n<p>Anteriormente, el 11 de diciembre de 2024, se report\u00f3 un homicidio interno cuando un reo atac\u00f3 a otro con una arma cortopunzante, causando la muerte de \u00e9ste \u00faltimo.<\/p>\n","protected":false},"excerpt":{"rendered":"<p>Un fatal incidente ocurri\u00f3 en el Centro Penitenciario de Alto Hospicio, donde dos internos murieron tras ingesta prolongada de una sustancia desconocida<\/p>\n","protected":false},"author":2,"featured_media":11801,"comment_status":"closed","ping_status":"open","sticky":false,"template":"","format":"standard","meta":{"_jetpack_memberships_contains_paid_content":false,"jnews-multi-image_gallery":[],"jnews_single_post":[],"jnews_primary_category":[],"jnews_social_meta":[],"jnews_paywall_metabox":[],"jnews_review":[],"enable_review":"","type":"","name":"","summary":"","brand":"","sku":"","good":[],"bad":[],"score_override":"","override_value":"","rating":[],"price":[],"jnews_override_counter":[],"jnews_post_split":[],"footnotes":""},"categories":[21],"tags":[],"class_list":["post-11802","post","type-post","status-publish","format-standard","has-post-thumbnail","hentry","category-nacional"],"jetpack_featured_media_url":"https:\/\/laserenaradio.cl\/web\/wp-content\/uploads\/2025\/02\/homepiaiextractoscrapimg_webpingestaprolongadasustancia_1.webp","jetpack_sharing_enabled":true,"_links":{"self":[{"href":"https:\/\/laserenaradio.cl\/web\/wp-json\/wp\/v2\/posts\/11802","targetHints":{"allow":["GET"]}}],"collection":[{"href":"https:\/\/laserenaradio.cl\/web\/wp-json\/wp\/v2\/posts"}],"about":[{"href":"https:\/\/laserenaradio.cl\/web\/wp-json\/wp\/v2\/types\/post"}],"author":[{"embeddable":true,"href":"https:\/\/laserenaradio.cl\/web\/wp-json\/wp\/v2\/users\/2"}],"replies":[{"embeddable":true,"href":"https:\/\/laserenaradio.cl\/web\/wp-json\/wp\/v2\/comments?post=11802"}],"version-history":[{"count":1,"href":"https:\/\/laserenaradio.cl\/web\/wp-json\/wp\/v2\/posts\/11802\/revisions"}],"predecessor-version":[{"id":11803,"href":"https:\/\/laserenaradio.cl\/web\/wp-json\/wp\/v2\/posts\/11802\/revisions\/11803"}],"wp:featuredmedia":[{"embeddable":true,"href":"https:\/\/laserenaradio.cl\/web\/wp-json\/wp\/v2\/media\/11801"}],"wp:attachment":[{"href":"https:\/\/laserenaradio.cl\/web\/wp-json\/wp\/v2\/media?parent=11802"}],"wp:term":[{"taxonomy":"category","embeddable":true,"href":"https:\/\/laserenaradio.cl\/web\/wp-json\/wp\/v2\/categories?post=11802"},{"taxonomy":"post_tag","embeddable":true,"href":"https:\/\/laserenaradio.cl\/web\/wp-json\/wp\/v2\/tags?post=11802"}],"curies":[{"name":"wp","href":"https:\/\/api.w.org\/{rel}","templated":true}]}}