{"id":11799,"date":"2025-02-17T21:48:33","date_gmt":"2025-02-18T00:48:33","guid":{"rendered":"https:\/\/laserenaradio.cl\/web\/?p=11799"},"modified":"2025-02-17T21:48:33","modified_gmt":"2025-02-18T00:48:33","slug":"la-oposicion-frente-a-las-elecciones-presidenciales-de-fin-de-ano","status":"publish","type":"post","link":"https:\/\/laserenaradio.cl\/web\/2025\/02\/17\/la-oposicion-frente-a-las-elecciones-presidenciales-de-fin-de-ano\/","title":{"rendered":"La oposici\u00f3n frente a las elecciones presidenciales de fin de a\u00f1o"},"content":{"rendered":"<p><b>El diputado Diego Shalper (RN) sostiene que Evelyn Matthei (UDI) es la \u00fanica candidata en las elecciones presidenciales finales del a\u00f1o capaz de trascender un &#8220;gobierno de continuidad&#8221; y provocar un cambio pol\u00edtico en Chile<\/b><!--more-->.<\/p>\n<p>Seg\u00fan Shalper, otras opciones podr\u00edan generar solo expectativas. Adem\u00e1s, considera que algunos pol\u00edticos buscan mantener el ciclo de inmovilismo para beneficiarse de la polarizaci\u00f3n del pa\u00eds.<\/p>\n<p>Shalper expresa preferencia por un candidato \u00fanico a primera vuelta pero admite que esto es dif\u00edcil. Se\u00f1ala que entre Kaiser y Jos\u00e9 Antonio Kast, existe una &#8220;disputa fuerte&#8221; debido a su falta de compromiso hist\u00f3rico. Tambi\u00e9n critica a Kaiser por no ofrecer claridad sobre sus propuestas presidenciales.<\/p>\n","protected":false},"excerpt":{"rendered":"<p>El diputado Diego Shalper (RN) sostiene que Evelyn Matthei (UDI) es la \u00fanica candidata en las elecciones presidenciales finales del a\u00f1o capaz de trascender un &#8220;gobierno de continuidad&#8221; y provocar un cambio pol\u00edtico en Chile<\/p>\n","protected":false},"author":2,"featured_media":11798,"comment_status":"closed","ping_status":"open","sticky":false,"template":"","format":"standard","meta":{"_jetpack_memberships_contains_paid_content":false,"jnews-multi-image_gallery":[],"jnews_single_post":[],"jnews_primary_category":[],"jnews_social_meta":[],"jnews_paywall_metabox":[],"jnews_review":[],"enable_review":"","type":"","name":"","summary":"","brand":"","sku":"","good":[],"bad":[],"score_override":"","override_value":"","rating":[],"price":[],"jnews_override_counter":[],"jnews_post_split":[],"footnotes":""},"categories":[83],"tags":[],"class_list":["post-11799","post","type-post","status-publish","format-standard","has-post-thumbnail","hentry","category-politica"],"jetpack_featured_media_url":"https:\/\/laserenaradio.cl\/web\/wp-content\/uploads\/2025\/02\/homepiaiextractoscrapimg_webpShalperdiputado_1.webp","jetpack_sharing_enabled":true,"_links":{"self":[{"href":"https:\/\/laserenaradio.cl\/web\/wp-json\/wp\/v2\/posts\/11799","targetHints":{"allow":["GET"]}}],"collection":[{"href":"https:\/\/laserenaradio.cl\/web\/wp-json\/wp\/v2\/posts"}],"about":[{"href":"https:\/\/laserenaradio.cl\/web\/wp-json\/wp\/v2\/types\/post"}],"author":[{"embeddable":true,"href":"https:\/\/laserenaradio.cl\/web\/wp-json\/wp\/v2\/users\/2"}],"replies":[{"embeddable":true,"href":"https:\/\/laserenaradio.cl\/web\/wp-json\/wp\/v2\/comments?post=11799"}],"version-history":[{"count":1,"href":"https:\/\/laserenaradio.cl\/web\/wp-json\/wp\/v2\/posts\/11799\/revisions"}],"predecessor-version":[{"id":11800,"href":"https:\/\/laserenaradio.cl\/web\/wp-json\/wp\/v2\/posts\/11799\/revisions\/11800"}],"wp:featuredmedia":[{"embeddable":true,"href":"https:\/\/laserenaradio.cl\/web\/wp-json\/wp\/v2\/media\/11798"}],"wp:attachment":[{"href":"https:\/\/laserenaradio.cl\/web\/wp-json\/wp\/v2\/media?parent=11799"}],"wp:term":[{"taxonomy":"category","embeddable":true,"href":"https:\/\/laserenaradio.cl\/web\/wp-json\/wp\/v2\/categories?post=11799"},{"taxonomy":"post_tag","embeddable":true,"href":"https:\/\/laserenaradio.cl\/web\/wp-json\/wp\/v2\/tags?post=11799"}],"curies":[{"name":"wp","href":"https:\/\/api.w.org\/{rel}","templated":true}]}}