{"id":11793,"date":"2025-02-17T10:47:41","date_gmt":"2025-02-17T13:47:41","guid":{"rendered":"https:\/\/laserenaradio.cl\/web\/?p=11793"},"modified":"2025-02-17T10:47:41","modified_gmt":"2025-02-17T13:47:41","slug":"un-incendio-intencional-destruyo-parcialmente-el-restaurante-fogon-coloso-en-antofagasta-durante-la-madrugada","status":"publish","type":"post","link":"https:\/\/laserenaradio.cl\/web\/2025\/02\/17\/un-incendio-intencional-destruyo-parcialmente-el-restaurante-fogon-coloso-en-antofagasta-durante-la-madrugada\/","title":{"rendered":"Un incendio intencional destruy\u00f3 parcialmente el restaurante Fog\u00f3n Coloso en Antofagasta durante la madrugada"},"content":{"rendered":"<p><b>Un incendio de origen intencional consumi\u00f3 parte del restaurante Fog\u00f3n Coloso en Antofagasta durante la madrugada de este lunes<\/b><!--more-->.<\/p>\n<p>El siniestro fue provocado por dos individuos que fracturaron una ventana e ingresaron con un bid\u00f3n amarillo, originando el fuego en la cocina.<\/p>\n<p><a href=\"https:\/\/www.carabineros.cl\/\">Carabineros<\/a> y Labocar est\u00e1n investigando el caso, recolectando testimonios y revisando c\u00e1maras de seguridad para determinar las motivaciones y posibles culpables.afortunadamente, no hubo heridos.<\/p>\n","protected":false},"excerpt":{"rendered":"<p>Un incendio de origen intencional consumi\u00f3 parte del restaurante Fog\u00f3n Coloso en Antofagasta durante la madrugada de este lunes<\/p>\n","protected":false},"author":2,"featured_media":11792,"comment_status":"closed","ping_status":"open","sticky":false,"template":"","format":"standard","meta":{"_jetpack_memberships_contains_paid_content":false,"jnews-multi-image_gallery":[],"jnews_single_post":[],"jnews_primary_category":[],"jnews_social_meta":[],"jnews_paywall_metabox":[],"jnews_review":[],"enable_review":"","type":"","name":"","summary":"","brand":"","sku":"","good":[],"bad":[],"score_override":"","override_value":"","rating":[],"price":[],"jnews_override_counter":[],"jnews_post_split":[],"footnotes":""},"categories":[21],"tags":[],"class_list":["post-11793","post","type-post","status-publish","format-standard","has-post-thumbnail","hentry","category-nacional"],"jetpack_featured_media_url":"https:\/\/laserenaradio.cl\/web\/wp-content\/uploads\/2025\/02\/homepiaiextractoscrapimg_webpFogonColoso_0.webp","jetpack_sharing_enabled":true,"_links":{"self":[{"href":"https:\/\/laserenaradio.cl\/web\/wp-json\/wp\/v2\/posts\/11793","targetHints":{"allow":["GET"]}}],"collection":[{"href":"https:\/\/laserenaradio.cl\/web\/wp-json\/wp\/v2\/posts"}],"about":[{"href":"https:\/\/laserenaradio.cl\/web\/wp-json\/wp\/v2\/types\/post"}],"author":[{"embeddable":true,"href":"https:\/\/laserenaradio.cl\/web\/wp-json\/wp\/v2\/users\/2"}],"replies":[{"embeddable":true,"href":"https:\/\/laserenaradio.cl\/web\/wp-json\/wp\/v2\/comments?post=11793"}],"version-history":[{"count":1,"href":"https:\/\/laserenaradio.cl\/web\/wp-json\/wp\/v2\/posts\/11793\/revisions"}],"predecessor-version":[{"id":11794,"href":"https:\/\/laserenaradio.cl\/web\/wp-json\/wp\/v2\/posts\/11793\/revisions\/11794"}],"wp:featuredmedia":[{"embeddable":true,"href":"https:\/\/laserenaradio.cl\/web\/wp-json\/wp\/v2\/media\/11792"}],"wp:attachment":[{"href":"https:\/\/laserenaradio.cl\/web\/wp-json\/wp\/v2\/media?parent=11793"}],"wp:term":[{"taxonomy":"category","embeddable":true,"href":"https:\/\/laserenaradio.cl\/web\/wp-json\/wp\/v2\/categories?post=11793"},{"taxonomy":"post_tag","embeddable":true,"href":"https:\/\/laserenaradio.cl\/web\/wp-json\/wp\/v2\/tags?post=11793"}],"curies":[{"name":"wp","href":"https:\/\/api.w.org\/{rel}","templated":true}]}}