{"id":11790,"date":"2025-02-17T10:45:39","date_gmt":"2025-02-17T13:45:39","guid":{"rendered":"https:\/\/laserenaradio.cl\/web\/?p=11790"},"modified":"2025-02-17T10:45:39","modified_gmt":"2025-02-17T13:45:39","slug":"colo-colo-derrota-a-deportes-la-serena-y-protesta-por-las-condiciones-del-estadio","status":"publish","type":"post","link":"https:\/\/laserenaradio.cl\/web\/2025\/02\/17\/colo-colo-derrota-a-deportes-la-serena-y-protesta-por-las-condiciones-del-estadio\/","title":{"rendered":"Colo Colo derrota a Deportes La Serena y protesta por las condiciones del estadio"},"content":{"rendered":"<p><b>Colo Colo comenz\u00f3 exitosamente la temporada 2025 de la Liga de Primera al vencer 3-1 a Deportes La Serena en su estadio<\/b><!--more-->.<\/p>\n<p>Los goles fueron anotados por Vicente Pizarro, Sebasti\u00e1n Vegas y Javier Correa.<\/p>\n<p>No obstante, el estado del gramado del estadio La Portada gener\u00f3 cr\u00edticas de parte del plantel albo, quienes expresaron su descontento debido a la mala condici\u00f3n del campo.<\/p>\n<p>El entrenador de Deportes La Serena respondi\u00f3 defendiendo las condiciones de la cancha en comparaci\u00f3n con otras instalaciones.<\/p>\n<p>Para la pr\u00f3xima fecha, Colo Colo enfrentar\u00e1 a O\u2019Higgins en el Monumental, mientras que Deportes La Serena jugar\u00e1 contra Cobresal en El Salvador.<\/p>\n","protected":false},"excerpt":{"rendered":"<p>Colo Colo comenz\u00f3 exitosamente la temporada 2025 de la Liga de Primera al vencer 3-1 a Deportes La Serena en su estadio<\/p>\n","protected":false},"author":2,"featured_media":11789,"comment_status":"closed","ping_status":"open","sticky":false,"template":"","format":"standard","meta":{"_jetpack_memberships_contains_paid_content":false,"jnews-multi-image_gallery":[],"jnews_single_post":[],"jnews_primary_category":[],"jnews_social_meta":[],"jnews_paywall_metabox":[],"jnews_review":[],"enable_review":"","type":"","name":"","summary":"","brand":"","sku":"","good":[],"bad":[],"score_override":"","override_value":"","rating":[],"price":[],"jnews_override_counter":[],"jnews_post_split":[],"footnotes":""},"categories":[84],"tags":[],"class_list":["post-11790","post","type-post","status-publish","format-standard","has-post-thumbnail","hentry","category-deportes"],"jetpack_featured_media_url":"https:\/\/laserenaradio.cl\/web\/wp-content\/uploads\/2025\/02\/homepiaiextractoscrapimg_webpColoColoestadiocondicionesexitosamente_0.webp","jetpack_sharing_enabled":true,"_links":{"self":[{"href":"https:\/\/laserenaradio.cl\/web\/wp-json\/wp\/v2\/posts\/11790","targetHints":{"allow":["GET"]}}],"collection":[{"href":"https:\/\/laserenaradio.cl\/web\/wp-json\/wp\/v2\/posts"}],"about":[{"href":"https:\/\/laserenaradio.cl\/web\/wp-json\/wp\/v2\/types\/post"}],"author":[{"embeddable":true,"href":"https:\/\/laserenaradio.cl\/web\/wp-json\/wp\/v2\/users\/2"}],"replies":[{"embeddable":true,"href":"https:\/\/laserenaradio.cl\/web\/wp-json\/wp\/v2\/comments?post=11790"}],"version-history":[{"count":1,"href":"https:\/\/laserenaradio.cl\/web\/wp-json\/wp\/v2\/posts\/11790\/revisions"}],"predecessor-version":[{"id":11791,"href":"https:\/\/laserenaradio.cl\/web\/wp-json\/wp\/v2\/posts\/11790\/revisions\/11791"}],"wp:featuredmedia":[{"embeddable":true,"href":"https:\/\/laserenaradio.cl\/web\/wp-json\/wp\/v2\/media\/11789"}],"wp:attachment":[{"href":"https:\/\/laserenaradio.cl\/web\/wp-json\/wp\/v2\/media?parent=11790"}],"wp:term":[{"taxonomy":"category","embeddable":true,"href":"https:\/\/laserenaradio.cl\/web\/wp-json\/wp\/v2\/categories?post=11790"},{"taxonomy":"post_tag","embeddable":true,"href":"https:\/\/laserenaradio.cl\/web\/wp-json\/wp\/v2\/tags?post=11790"}],"curies":[{"name":"wp","href":"https:\/\/api.w.org\/{rel}","templated":true}]}}