{"id":11787,"date":"2025-02-17T10:22:13","date_gmt":"2025-02-17T13:22:13","guid":{"rendered":"https:\/\/laserenaradio.cl\/web\/?p=11787"},"modified":"2025-02-17T10:22:13","modified_gmt":"2025-02-17T13:22:13","slug":"balacera-durante-fiesta-llena-de-violencia-y-drogas-en-san-bernardo","status":"publish","type":"post","link":"https:\/\/laserenaradio.cl\/web\/2025\/02\/17\/balacera-durante-fiesta-llena-de-violencia-y-drogas-en-san-bernardo\/","title":{"rendered":"Balacera durante fiesta llena de violencia y drogas en San Bernardo"},"content":{"rendered":"<p><b>Ocurri\u00f3 una balacera durante un evento llamado &#8220;parcelazo&#8221; en San Bernardo, el domingo por la noche.<\/b><!--more-->.<\/p>\n<p>El incidente se produjo en el Complejo Deportivo Las Acacias y dej\u00f3 un muerto y dos heridos.<\/p>\n<p>El evento promocionaba DJs, torneos de f\u00fatbol y presencia de &#8220;Los reyes del perrateo&#8221;. Hab\u00eda venta de entradas y expendio de alcohol sin permisos, permitiendo la entrada a ni\u00f1os.<\/p>\n<p>La <a href=\"https:\/\/www.fiscaliadechile.cl\/\">Fiscal\u00eda<\/a> ECOH y <a href=\"https:\/\/www.pdichile.cl\/\">PDI<\/a> investigan el incidente.<\/p>\n<p>Un video de los asistentes captur\u00f3 los disparos, causando p\u00e1nico entre los presentes.<\/p>\n","protected":false},"excerpt":{"rendered":"<p>Ocurri\u00f3 una balacera durante un evento llamado &#8220;parcelazo&#8221; en San Bernardo, el domingo por la noche.<\/p>\n","protected":false},"author":2,"featured_media":11786,"comment_status":"closed","ping_status":"open","sticky":false,"template":"","format":"standard","meta":{"_jetpack_memberships_contains_paid_content":false,"jnews-multi-image_gallery":[],"jnews_single_post":[],"jnews_primary_category":[],"jnews_social_meta":[],"jnews_paywall_metabox":[],"jnews_review":[],"enable_review":"","type":"","name":"","summary":"","brand":"","sku":"","good":[],"bad":[],"score_override":"","override_value":"","rating":[],"price":[],"jnews_override_counter":[],"jnews_post_split":[],"footnotes":""},"categories":[21],"tags":[],"class_list":["post-11787","post","type-post","status-publish","format-standard","has-post-thumbnail","hentry","category-nacional"],"jetpack_featured_media_url":"https:\/\/laserenaradio.cl\/web\/wp-content\/uploads\/2025\/02\/homepiaiextractoscrapimg_webpBalaceraSan_1.webp","jetpack_sharing_enabled":true,"_links":{"self":[{"href":"https:\/\/laserenaradio.cl\/web\/wp-json\/wp\/v2\/posts\/11787","targetHints":{"allow":["GET"]}}],"collection":[{"href":"https:\/\/laserenaradio.cl\/web\/wp-json\/wp\/v2\/posts"}],"about":[{"href":"https:\/\/laserenaradio.cl\/web\/wp-json\/wp\/v2\/types\/post"}],"author":[{"embeddable":true,"href":"https:\/\/laserenaradio.cl\/web\/wp-json\/wp\/v2\/users\/2"}],"replies":[{"embeddable":true,"href":"https:\/\/laserenaradio.cl\/web\/wp-json\/wp\/v2\/comments?post=11787"}],"version-history":[{"count":1,"href":"https:\/\/laserenaradio.cl\/web\/wp-json\/wp\/v2\/posts\/11787\/revisions"}],"predecessor-version":[{"id":11788,"href":"https:\/\/laserenaradio.cl\/web\/wp-json\/wp\/v2\/posts\/11787\/revisions\/11788"}],"wp:featuredmedia":[{"embeddable":true,"href":"https:\/\/laserenaradio.cl\/web\/wp-json\/wp\/v2\/media\/11786"}],"wp:attachment":[{"href":"https:\/\/laserenaradio.cl\/web\/wp-json\/wp\/v2\/media?parent=11787"}],"wp:term":[{"taxonomy":"category","embeddable":true,"href":"https:\/\/laserenaradio.cl\/web\/wp-json\/wp\/v2\/categories?post=11787"},{"taxonomy":"post_tag","embeddable":true,"href":"https:\/\/laserenaradio.cl\/web\/wp-json\/wp\/v2\/tags?post=11787"}],"curies":[{"name":"wp","href":"https:\/\/api.w.org\/{rel}","templated":true}]}}