{"id":11784,"date":"2025-02-17T10:19:08","date_gmt":"2025-02-17T13:19:08","guid":{"rendered":"https:\/\/laserenaradio.cl\/web\/?p=11784"},"modified":"2025-02-17T10:19:08","modified_gmt":"2025-02-17T13:19:08","slug":"un-hombre-muerto-en-calama-presenta-heridas-cortopunzantes-lo-que-descarta-el-arrastre-por-la-corriente-como-causa-de-su-fallecimiento","status":"publish","type":"post","link":"https:\/\/laserenaradio.cl\/web\/2025\/02\/17\/un-hombre-muerto-en-calama-presenta-heridas-cortopunzantes-lo-que-descarta-el-arrastre-por-la-corriente-como-causa-de-su-fallecimiento\/","title":{"rendered":"Un hombre muerto en Calama presenta heridas cortopunzantes, lo que descarta el arrastre por la corriente como causa de su fallecimiento"},"content":{"rendered":"<p><b>Un cad\u00e1ver de un hombre, entre 20 y 30 a\u00f1os de edad, fue encontrado enganchado en una roca junto al R\u00edo Loa en Calama este domingo<\/b><!--more-->.<\/p>\n<p>Seg\u00fan la inspecci\u00f3n preliminar, no hab\u00eda signos de que su muerte fuera causada por el arrastre del r\u00edo. La autopsia revel\u00f3 cinco heridas cortopunzantes como causa de la muerte.<\/p>\n<p>La identidad y nacionalidad del hombre a\u00fan no se han confirmado.<\/p>\n<p>La <a href=\"https:\/\/www.fiscaliadechile.cl\/\">Fiscal\u00eda<\/a> de Calama ha iniciado una investigaci\u00f3n para determinar las circunstancias exactas del crimen, pero no hay detenidos ni sospechosos hasta el momento.<\/p>\n","protected":false},"excerpt":{"rendered":"<p>Un cad\u00e1ver de un hombre, entre 20 y 30 a\u00f1os de edad, fue encontrado enganchado en una roca junto al R\u00edo Loa en Calama este domingo<\/p>\n","protected":false},"author":2,"featured_media":11783,"comment_status":"closed","ping_status":"open","sticky":false,"template":"","format":"standard","meta":{"_jetpack_memberships_contains_paid_content":false,"jnews-multi-image_gallery":[],"jnews_single_post":[],"jnews_primary_category":[],"jnews_social_meta":[],"jnews_paywall_metabox":[],"jnews_review":[],"enable_review":"","type":"","name":"","summary":"","brand":"","sku":"","good":[],"bad":[],"score_override":"","override_value":"","rating":[],"price":[],"jnews_override_counter":[],"jnews_post_split":[],"footnotes":""},"categories":[21],"tags":[],"class_list":["post-11784","post","type-post","status-publish","format-standard","has-post-thumbnail","hentry","category-nacional"],"jetpack_featured_media_url":"https:\/\/laserenaradio.cl\/web\/wp-content\/uploads\/2025\/02\/homepiaiextractoscrapimg_webpCalamahombre_0.webp","jetpack_sharing_enabled":true,"_links":{"self":[{"href":"https:\/\/laserenaradio.cl\/web\/wp-json\/wp\/v2\/posts\/11784","targetHints":{"allow":["GET"]}}],"collection":[{"href":"https:\/\/laserenaradio.cl\/web\/wp-json\/wp\/v2\/posts"}],"about":[{"href":"https:\/\/laserenaradio.cl\/web\/wp-json\/wp\/v2\/types\/post"}],"author":[{"embeddable":true,"href":"https:\/\/laserenaradio.cl\/web\/wp-json\/wp\/v2\/users\/2"}],"replies":[{"embeddable":true,"href":"https:\/\/laserenaradio.cl\/web\/wp-json\/wp\/v2\/comments?post=11784"}],"version-history":[{"count":1,"href":"https:\/\/laserenaradio.cl\/web\/wp-json\/wp\/v2\/posts\/11784\/revisions"}],"predecessor-version":[{"id":11785,"href":"https:\/\/laserenaradio.cl\/web\/wp-json\/wp\/v2\/posts\/11784\/revisions\/11785"}],"wp:featuredmedia":[{"embeddable":true,"href":"https:\/\/laserenaradio.cl\/web\/wp-json\/wp\/v2\/media\/11783"}],"wp:attachment":[{"href":"https:\/\/laserenaradio.cl\/web\/wp-json\/wp\/v2\/media?parent=11784"}],"wp:term":[{"taxonomy":"category","embeddable":true,"href":"https:\/\/laserenaradio.cl\/web\/wp-json\/wp\/v2\/categories?post=11784"},{"taxonomy":"post_tag","embeddable":true,"href":"https:\/\/laserenaradio.cl\/web\/wp-json\/wp\/v2\/tags?post=11784"}],"curies":[{"name":"wp","href":"https:\/\/api.w.org\/{rel}","templated":true}]}}