{"id":11778,"date":"2025-02-17T00:29:39","date_gmt":"2025-02-17T03:29:39","guid":{"rendered":"https:\/\/laserenaradio.cl\/web\/?p=11778"},"modified":"2025-02-17T00:29:39","modified_gmt":"2025-02-17T03:29:39","slug":"el-pleito-politico-que-se-desato-entre-sebastian-sichel-y-jose-antonio-kast","status":"publish","type":"post","link":"https:\/\/laserenaradio.cl\/web\/2025\/02\/17\/el-pleito-politico-que-se-desato-entre-sebastian-sichel-y-jose-antonio-kast\/","title":{"rendered":"El pleito pol\u00edtico que se desat\u00f3 entre Sebasti\u00e1n Sichel y Jos\u00e9 Antonio Kast"},"content":{"rendered":"<p><b>El alcalde de \u00d1u\u00f1oa, Sebasti\u00e1n Sichel, se enzarz\u00f3 en una disputa p\u00fablica con Jos\u00e9 Antonio Kast por publicaciones en redes sociales<\/b><!--more-->.<\/p>\n<p>La controversia comenz\u00f3 despu\u00e9s que Sichel acusara a Kast de haber &#8220;torpedeado&#8221; su candidatura presidencial de 2021, mientras Kast respondi\u00f3 que Sichel perdi\u00f3 debido a su falta de unidad y le pidi\u00f3 que participe en primarias.<\/p>\n<p>Sichel acusa a Kast de haber sido odioso y destructivo durante la campa\u00f1a anterior. Tambi\u00e9n se\u00f1ala que Kast no firm\u00f3 el apoyo mutuo en segunda vuelta.<\/p>\n<p>Por su parte, Kast afirma que Sichel perdi\u00f3 por s\u00ed mismo y se tom\u00f3 vacaciones despu\u00e9s de las elecciones.<\/p>\n<p>Jos\u00e9 Antonio Kast es candidato nuevamente para La Moneda con el Partido Republicano, apareciendo en cuarto lugar seg\u00fan una reciente encuesta Cadem.<\/p>\n","protected":false},"excerpt":{"rendered":"<p>El alcalde de \u00d1u\u00f1oa, Sebasti\u00e1n Sichel, se enzarz\u00f3 en una disputa p\u00fablica con Jos\u00e9 Antonio Kast por publicaciones en redes sociales<\/p>\n","protected":false},"author":2,"featured_media":11777,"comment_status":"closed","ping_status":"open","sticky":false,"template":"","format":"standard","meta":{"_jetpack_memberships_contains_paid_content":false,"jnews-multi-image_gallery":[],"jnews_single_post":[],"jnews_primary_category":[],"jnews_social_meta":[],"jnews_paywall_metabox":[],"jnews_review":[],"enable_review":"","type":"","name":"","summary":"","brand":"","sku":"","good":[],"bad":[],"score_override":"","override_value":"","rating":[],"price":[],"jnews_override_counter":[],"jnews_post_split":[],"footnotes":""},"categories":[83],"tags":[],"class_list":["post-11778","post","type-post","status-publish","format-standard","has-post-thumbnail","hentry","category-politica"],"jetpack_featured_media_url":"https:\/\/laserenaradio.cl\/web\/wp-content\/uploads\/2025\/02\/homepiaiextractoscrapimg_webpSichelKastAntonioKasthaber_0.webp","jetpack_sharing_enabled":true,"_links":{"self":[{"href":"https:\/\/laserenaradio.cl\/web\/wp-json\/wp\/v2\/posts\/11778","targetHints":{"allow":["GET"]}}],"collection":[{"href":"https:\/\/laserenaradio.cl\/web\/wp-json\/wp\/v2\/posts"}],"about":[{"href":"https:\/\/laserenaradio.cl\/web\/wp-json\/wp\/v2\/types\/post"}],"author":[{"embeddable":true,"href":"https:\/\/laserenaradio.cl\/web\/wp-json\/wp\/v2\/users\/2"}],"replies":[{"embeddable":true,"href":"https:\/\/laserenaradio.cl\/web\/wp-json\/wp\/v2\/comments?post=11778"}],"version-history":[{"count":1,"href":"https:\/\/laserenaradio.cl\/web\/wp-json\/wp\/v2\/posts\/11778\/revisions"}],"predecessor-version":[{"id":11779,"href":"https:\/\/laserenaradio.cl\/web\/wp-json\/wp\/v2\/posts\/11778\/revisions\/11779"}],"wp:featuredmedia":[{"embeddable":true,"href":"https:\/\/laserenaradio.cl\/web\/wp-json\/wp\/v2\/media\/11777"}],"wp:attachment":[{"href":"https:\/\/laserenaradio.cl\/web\/wp-json\/wp\/v2\/media?parent=11778"}],"wp:term":[{"taxonomy":"category","embeddable":true,"href":"https:\/\/laserenaradio.cl\/web\/wp-json\/wp\/v2\/categories?post=11778"},{"taxonomy":"post_tag","embeddable":true,"href":"https:\/\/laserenaradio.cl\/web\/wp-json\/wp\/v2\/tags?post=11778"}],"curies":[{"name":"wp","href":"https:\/\/api.w.org\/{rel}","templated":true}]}}