{"id":11775,"date":"2025-02-16T23:48:57","date_gmt":"2025-02-17T02:48:57","guid":{"rendered":"https:\/\/laserenaradio.cl\/web\/?p=11775"},"modified":"2025-02-16T23:48:57","modified_gmt":"2025-02-17T02:48:57","slug":"neymar-anota-su-primer-gol-con-santos-tras-regresar-a-brasil","status":"publish","type":"post","link":"https:\/\/laserenaradio.cl\/web\/2025\/02\/16\/neymar-anota-su-primer-gol-con-santos-tras-regresar-a-brasil\/","title":{"rendered":"Neymar anota su primer gol con Santos tras regresar a Brasil"},"content":{"rendered":"<p><b>Neymar anot\u00f3 su primer gol para Santos desde su retorno a Brasil, marcando un penal a los 13 minutos del encuentro contra Agua Santa en el Campeonato Paulista<\/b><!--more-->.<\/p>\n<p>Este gol fue despu\u00e9s de 16 meses sin marcar y es su primer tanto desde que regres\u00f3 al Santos el 31 de enero, luego de una lesi\u00f3n grave y varias molestias musculares.<\/p>\n<p>El gol representa un hito para Neymar, quien anot\u00f3 su primer tanto que lo lanz\u00f3 a la fama en abril de 2013.<\/p>\n","protected":false},"excerpt":{"rendered":"<p>Neymar anot\u00f3 su primer gol para Santos desde su retorno a Brasil, marcando un penal a los 13 minutos del encuentro contra Agua Santa en el Campeonato Paulista<\/p>\n","protected":false},"author":2,"featured_media":11774,"comment_status":"closed","ping_status":"open","sticky":false,"template":"","format":"standard","meta":{"_jetpack_memberships_contains_paid_content":false,"jnews-multi-image_gallery":[],"jnews_single_post":[],"jnews_primary_category":[],"jnews_social_meta":[],"jnews_paywall_metabox":[],"jnews_review":[],"enable_review":"","type":"","name":"","summary":"","brand":"","sku":"","good":[],"bad":[],"score_override":"","override_value":"","rating":[],"price":[],"jnews_override_counter":[],"jnews_post_split":[],"footnotes":""},"categories":[84],"tags":[],"class_list":["post-11775","post","type-post","status-publish","format-standard","has-post-thumbnail","hentry","category-deportes"],"jetpack_featured_media_url":"https:\/\/laserenaradio.cl\/web\/wp-content\/uploads\/2025\/02\/homepiaiextractoscrapimg_webpgolNeymarprimerSantos_1.webp","jetpack_sharing_enabled":true,"_links":{"self":[{"href":"https:\/\/laserenaradio.cl\/web\/wp-json\/wp\/v2\/posts\/11775","targetHints":{"allow":["GET"]}}],"collection":[{"href":"https:\/\/laserenaradio.cl\/web\/wp-json\/wp\/v2\/posts"}],"about":[{"href":"https:\/\/laserenaradio.cl\/web\/wp-json\/wp\/v2\/types\/post"}],"author":[{"embeddable":true,"href":"https:\/\/laserenaradio.cl\/web\/wp-json\/wp\/v2\/users\/2"}],"replies":[{"embeddable":true,"href":"https:\/\/laserenaradio.cl\/web\/wp-json\/wp\/v2\/comments?post=11775"}],"version-history":[{"count":1,"href":"https:\/\/laserenaradio.cl\/web\/wp-json\/wp\/v2\/posts\/11775\/revisions"}],"predecessor-version":[{"id":11776,"href":"https:\/\/laserenaradio.cl\/web\/wp-json\/wp\/v2\/posts\/11775\/revisions\/11776"}],"wp:featuredmedia":[{"embeddable":true,"href":"https:\/\/laserenaradio.cl\/web\/wp-json\/wp\/v2\/media\/11774"}],"wp:attachment":[{"href":"https:\/\/laserenaradio.cl\/web\/wp-json\/wp\/v2\/media?parent=11775"}],"wp:term":[{"taxonomy":"category","embeddable":true,"href":"https:\/\/laserenaradio.cl\/web\/wp-json\/wp\/v2\/categories?post=11775"},{"taxonomy":"post_tag","embeddable":true,"href":"https:\/\/laserenaradio.cl\/web\/wp-json\/wp\/v2\/tags?post=11775"}],"curies":[{"name":"wp","href":"https:\/\/api.w.org\/{rel}","templated":true}]}}