{"id":11772,"date":"2025-02-16T23:45:26","date_gmt":"2025-02-17T02:45:26","guid":{"rendered":"https:\/\/laserenaradio.cl\/web\/?p=11772"},"modified":"2025-02-16T23:45:26","modified_gmt":"2025-02-17T02:45:26","slug":"detienen-a-un-joven-por-homicidio-en-comuna-de-concepcion","status":"publish","type":"post","link":"https:\/\/laserenaradio.cl\/web\/2025\/02\/16\/detienen-a-un-joven-por-homicidio-en-comuna-de-concepcion\/","title":{"rendered":"Detienen a un joven por homicidio en comuna de Concepci\u00f3n"},"content":{"rendered":"<p><b>Un sujeto de 18 a\u00f1os fue detenido por homicidio con arma blanca ocurrido en la comuna de Chiguayante, regi\u00f3n del B\u00edo B\u00edo<\/b><!--more-->.<\/p>\n<p>El lunes por la noche, una discusi\u00f3n entre dos personas termin\u00f3 en un cuchillo que les propin\u00f3 una herida mortal en el cuello a su v\u00edctima. La victima muri\u00f3 en un centro asistencial.<\/p>\n<p>Posteriormente, el detenido huy\u00f3 en veh\u00edculo y arroj\u00f3 el arma utilizada.<\/p>\n<p>Las autoridades lograron recoger evidencias, incluido el cuchillo, y el sospechoso fue detenido este s\u00e1bado. \u00c9l ahora est\u00e1 a disposici\u00f3n del Juzgado de Garant\u00eda para formalizar la acusaci\u00f3n.<\/p>\n","protected":false},"excerpt":{"rendered":"<p>Un sujeto de 18 a\u00f1os fue detenido por homicidio con arma blanca ocurrido en la comuna de Chiguayante, regi\u00f3n del B\u00edo B\u00edo<\/p>\n","protected":false},"author":2,"featured_media":11771,"comment_status":"closed","ping_status":"open","sticky":false,"template":"","format":"standard","meta":{"_jetpack_memberships_contains_paid_content":false,"jnews-multi-image_gallery":[],"jnews_single_post":[],"jnews_primary_category":[],"jnews_social_meta":[],"jnews_paywall_metabox":[],"jnews_review":[],"enable_review":"","type":"","name":"","summary":"","brand":"","sku":"","good":[],"bad":[],"score_override":"","override_value":"","rating":[],"price":[],"jnews_override_counter":[],"jnews_post_split":[],"footnotes":""},"categories":[21],"tags":[],"class_list":["post-11772","post","type-post","status-publish","format-standard","has-post-thumbnail","hentry","category-nacional"],"jetpack_featured_media_url":"https:\/\/laserenaradio.cl\/web\/wp-content\/uploads\/2025\/02\/homepiaiextractoscrapimg_webpdetenidofuehomicidioarma_1.webp","jetpack_sharing_enabled":true,"_links":{"self":[{"href":"https:\/\/laserenaradio.cl\/web\/wp-json\/wp\/v2\/posts\/11772","targetHints":{"allow":["GET"]}}],"collection":[{"href":"https:\/\/laserenaradio.cl\/web\/wp-json\/wp\/v2\/posts"}],"about":[{"href":"https:\/\/laserenaradio.cl\/web\/wp-json\/wp\/v2\/types\/post"}],"author":[{"embeddable":true,"href":"https:\/\/laserenaradio.cl\/web\/wp-json\/wp\/v2\/users\/2"}],"replies":[{"embeddable":true,"href":"https:\/\/laserenaradio.cl\/web\/wp-json\/wp\/v2\/comments?post=11772"}],"version-history":[{"count":1,"href":"https:\/\/laserenaradio.cl\/web\/wp-json\/wp\/v2\/posts\/11772\/revisions"}],"predecessor-version":[{"id":11773,"href":"https:\/\/laserenaradio.cl\/web\/wp-json\/wp\/v2\/posts\/11772\/revisions\/11773"}],"wp:featuredmedia":[{"embeddable":true,"href":"https:\/\/laserenaradio.cl\/web\/wp-json\/wp\/v2\/media\/11771"}],"wp:attachment":[{"href":"https:\/\/laserenaradio.cl\/web\/wp-json\/wp\/v2\/media?parent=11772"}],"wp:term":[{"taxonomy":"category","embeddable":true,"href":"https:\/\/laserenaradio.cl\/web\/wp-json\/wp\/v2\/categories?post=11772"},{"taxonomy":"post_tag","embeddable":true,"href":"https:\/\/laserenaradio.cl\/web\/wp-json\/wp\/v2\/tags?post=11772"}],"curies":[{"name":"wp","href":"https:\/\/api.w.org\/{rel}","templated":true}]}}