{"id":11769,"date":"2025-02-16T23:43:21","date_gmt":"2025-02-17T02:43:21","guid":{"rendered":"https:\/\/laserenaradio.cl\/web\/?p=11769"},"modified":"2025-02-16T23:43:21","modified_gmt":"2025-02-17T02:43:21","slug":"como-ven-a-evelyn-matthei-michelle-bachelet-y-otros-politicos","status":"publish","type":"post","link":"https:\/\/laserenaradio.cl\/web\/2025\/02\/16\/como-ven-a-evelyn-matthei-michelle-bachelet-y-otros-politicos\/","title":{"rendered":"\u00bfC\u00f3mo ven a Evelyn Matthei, Michelle Bachelet y otros pol\u00edticos?"},"content":{"rendered":"<p><b>Encuesta Cadem informa que un 45% de los encuestados no votar\u00eda por Evelyn Matthei y un 49% lo mismo para Michelle Bachelet.<\/b><!--more-->.<\/p>\n<p>Matthei es la candidata con m\u00e1s apoyo (55%), seguida de Bachelet (50%).<\/p>\n<p>Sobre atributos presidenciales, Matthei lidera en &#8220;trabaja con sentido de urgencia&#8221; y &#8220;tiene buenas ideas&#8221;, mientras que Bachelet se destaca por su capacidad para hacer cambios en salud.<\/p>\n<p>Tom\u00e1s Vodanovic sigue siendo la figura pol\u00edtica mejor evaluada (71%).<\/p>\n<p>La aprobaci\u00f3n del presidente Gabriel Boric baj\u00f3 a 32%.<\/p>\n<p>Sobre los incendios forestales, el 62% desaprueba la labor del Gobierno y un 56% considera que no se tomaron decisiones oportunas.<\/p>\n","protected":false},"excerpt":{"rendered":"<p>Encuesta Cadem informa que un 45% de los encuestados no votar\u00eda por Evelyn Matthei y un 49% lo mismo para Michelle Bachelet.<\/p>\n","protected":false},"author":2,"featured_media":11768,"comment_status":"closed","ping_status":"open","sticky":false,"template":"","format":"standard","meta":{"_jetpack_memberships_contains_paid_content":false,"jnews-multi-image_gallery":[],"jnews_single_post":[],"jnews_primary_category":[],"jnews_social_meta":[],"jnews_paywall_metabox":[],"jnews_review":[],"enable_review":"","type":"","name":"","summary":"","brand":"","sku":"","good":[],"bad":[],"score_override":"","override_value":"","rating":[],"price":[],"jnews_override_counter":[],"jnews_post_split":[],"footnotes":""},"categories":[83],"tags":[],"class_list":["post-11769","post","type-post","status-publish","format-standard","has-post-thumbnail","hentry","category-politica"],"jetpack_featured_media_url":"https:\/\/laserenaradio.cl\/web\/wp-content\/uploads\/2025\/02\/homepiaiextractoscrapimg_webpnoEvelynMattheiMichelleBacheletMatthei_0.webp","jetpack_sharing_enabled":true,"_links":{"self":[{"href":"https:\/\/laserenaradio.cl\/web\/wp-json\/wp\/v2\/posts\/11769","targetHints":{"allow":["GET"]}}],"collection":[{"href":"https:\/\/laserenaradio.cl\/web\/wp-json\/wp\/v2\/posts"}],"about":[{"href":"https:\/\/laserenaradio.cl\/web\/wp-json\/wp\/v2\/types\/post"}],"author":[{"embeddable":true,"href":"https:\/\/laserenaradio.cl\/web\/wp-json\/wp\/v2\/users\/2"}],"replies":[{"embeddable":true,"href":"https:\/\/laserenaradio.cl\/web\/wp-json\/wp\/v2\/comments?post=11769"}],"version-history":[{"count":1,"href":"https:\/\/laserenaradio.cl\/web\/wp-json\/wp\/v2\/posts\/11769\/revisions"}],"predecessor-version":[{"id":11770,"href":"https:\/\/laserenaradio.cl\/web\/wp-json\/wp\/v2\/posts\/11769\/revisions\/11770"}],"wp:featuredmedia":[{"embeddable":true,"href":"https:\/\/laserenaradio.cl\/web\/wp-json\/wp\/v2\/media\/11768"}],"wp:attachment":[{"href":"https:\/\/laserenaradio.cl\/web\/wp-json\/wp\/v2\/media?parent=11769"}],"wp:term":[{"taxonomy":"category","embeddable":true,"href":"https:\/\/laserenaradio.cl\/web\/wp-json\/wp\/v2\/categories?post=11769"},{"taxonomy":"post_tag","embeddable":true,"href":"https:\/\/laserenaradio.cl\/web\/wp-json\/wp\/v2\/tags?post=11769"}],"curies":[{"name":"wp","href":"https:\/\/api.w.org\/{rel}","templated":true}]}}