{"id":11751,"date":"2025-02-16T00:07:42","date_gmt":"2025-02-16T03:07:42","guid":{"rendered":"https:\/\/laserenaradio.cl\/web\/?p=11751"},"modified":"2025-02-16T00:07:42","modified_gmt":"2025-02-16T03:07:42","slug":"desencadenado-por-disparos-contra-vivienda-nina-de-7-anos-resulta-herida-grave-en-arica","status":"publish","type":"post","link":"https:\/\/laserenaradio.cl\/web\/2025\/02\/16\/desencadenado-por-disparos-contra-vivienda-nina-de-7-anos-resulta-herida-grave-en-arica\/","title":{"rendered":"Desencadenado por disparos contra vivienda, ni\u00f1a de 7 a\u00f1os resulta herida grave en Arica."},"content":{"rendered":"<p><b>Una ni\u00f1a de siete a\u00f1os fue baleada en Arica tras recibir al menos cinco disparos frente a su vivienda en el sector norte<\/b><!--more-->.<\/p>\n<p>La menor, gravemente herida pero fuera de peligro vital, fue trasladada al Hospital Regional Dr. Juan No\u00e9 Crevani.<\/p>\n<p>El fiscal ECOH Patricio Espinoza confirm\u00f3 los hechos y asegur\u00f3 que la ni\u00f1a se encuentra en gravedad sin riesgo vital.<\/p>\n<p>Aunque no hay detenciones reportadas, las autoridades buscan identificar a los responsables del ataque.<\/p>\n","protected":false},"excerpt":{"rendered":"<p>Una ni\u00f1a de siete a\u00f1os fue baleada en Arica tras recibir al menos cinco disparos frente a su vivienda en el sector norte<\/p>\n","protected":false},"author":2,"featured_media":11750,"comment_status":"closed","ping_status":"open","sticky":false,"template":"","format":"standard","meta":{"_jetpack_memberships_contains_paid_content":false,"jnews-multi-image_gallery":[],"jnews_single_post":[],"jnews_primary_category":[],"jnews_social_meta":[],"jnews_paywall_metabox":[],"jnews_review":[],"enable_review":"","type":"","name":"","summary":"","brand":"","sku":"","good":[],"bad":[],"score_override":"","override_value":"","rating":[],"price":[],"jnews_override_counter":[],"jnews_post_split":[],"footnotes":""},"categories":[21],"tags":[],"class_list":["post-11751","post","type-post","status-publish","format-standard","has-post-thumbnail","hentry","category-nacional"],"jetpack_featured_media_url":"https:\/\/laserenaradio.cl\/web\/wp-content\/uploads\/2025\/02\/homepiaiextractoscrapimg_webpfueAricaaldisparos_1.webp","jetpack_sharing_enabled":true,"_links":{"self":[{"href":"https:\/\/laserenaradio.cl\/web\/wp-json\/wp\/v2\/posts\/11751","targetHints":{"allow":["GET"]}}],"collection":[{"href":"https:\/\/laserenaradio.cl\/web\/wp-json\/wp\/v2\/posts"}],"about":[{"href":"https:\/\/laserenaradio.cl\/web\/wp-json\/wp\/v2\/types\/post"}],"author":[{"embeddable":true,"href":"https:\/\/laserenaradio.cl\/web\/wp-json\/wp\/v2\/users\/2"}],"replies":[{"embeddable":true,"href":"https:\/\/laserenaradio.cl\/web\/wp-json\/wp\/v2\/comments?post=11751"}],"version-history":[{"count":1,"href":"https:\/\/laserenaradio.cl\/web\/wp-json\/wp\/v2\/posts\/11751\/revisions"}],"predecessor-version":[{"id":11752,"href":"https:\/\/laserenaradio.cl\/web\/wp-json\/wp\/v2\/posts\/11751\/revisions\/11752"}],"wp:featuredmedia":[{"embeddable":true,"href":"https:\/\/laserenaradio.cl\/web\/wp-json\/wp\/v2\/media\/11750"}],"wp:attachment":[{"href":"https:\/\/laserenaradio.cl\/web\/wp-json\/wp\/v2\/media?parent=11751"}],"wp:term":[{"taxonomy":"category","embeddable":true,"href":"https:\/\/laserenaradio.cl\/web\/wp-json\/wp\/v2\/categories?post=11751"},{"taxonomy":"post_tag","embeddable":true,"href":"https:\/\/laserenaradio.cl\/web\/wp-json\/wp\/v2\/tags?post=11751"}],"curies":[{"name":"wp","href":"https:\/\/api.w.org\/{rel}","templated":true}]}}