{"id":11748,"date":"2025-02-16T00:06:12","date_gmt":"2025-02-16T03:06:12","guid":{"rendered":"https:\/\/laserenaradio.cl\/web\/?p=11748"},"modified":"2025-02-16T00:06:12","modified_gmt":"2025-02-16T03:06:12","slug":"partido-radical-considera-a-harold-mayne-nicholls-como-posible-candidato-para-las-elecciones-del-16-de-noviembre","status":"publish","type":"post","link":"https:\/\/laserenaradio.cl\/web\/2025\/02\/16\/partido-radical-considera-a-harold-mayne-nicholls-como-posible-candidato-para-las-elecciones-del-16-de-noviembre\/","title":{"rendered":"Partido Radical considera a Harold Mayne-Nicholls como posible candidato para las elecciones del 16 de noviembre"},"content":{"rendered":"<p><b>El Partido Radical (PR) confirma conversaciones informales con Harold Mayne-Nicholls para evaluar su posible candidatura presidencial o parlamentaria en las elecciones del 16 de noviembre<\/b><!--more-->.<\/p>\n<p>Mayne-Nicholls ha abordado temas como la salud y ha destacado internacionalmente, lo que gener\u00f3 especulaciones sobre su eventual postulaci\u00f3n.<\/p>\n<p>El PR considera su candidatura y ha confirmado los acercamientos con \u00e9l.<\/p>\n<p>El presidente del partido, Leonardo Cubillos, y el diputado Tom\u00e1s Lagomarsino no descartan ninguna opci\u00f3n para Mayne-Nicholls, aunque destacan a otros nombres dentro del partido como Marco Enr\u00edquez-Ominami.<\/p>\n","protected":false},"excerpt":{"rendered":"<p>El Partido Radical (PR) confirma conversaciones informales con Harold Mayne-Nicholls para evaluar su posible candidatura presidencial o parlamentaria en las elecciones del 16 de noviembre<\/p>\n","protected":false},"author":2,"featured_media":11747,"comment_status":"closed","ping_status":"open","sticky":false,"template":"","format":"standard","meta":{"_jetpack_memberships_contains_paid_content":false,"jnews-multi-image_gallery":[],"jnews_single_post":[],"jnews_primary_category":[],"jnews_social_meta":[],"jnews_paywall_metabox":[],"jnews_review":[],"enable_review":"","type":"","name":"","summary":"","brand":"","sku":"","good":[],"bad":[],"score_override":"","override_value":"","rating":[],"price":[],"jnews_override_counter":[],"jnews_post_split":[],"footnotes":""},"categories":[83],"tags":[],"class_list":["post-11748","post","type-post","status-publish","format-standard","has-post-thumbnail","hentry","category-politica"],"jetpack_featured_media_url":"https:\/\/laserenaradio.cl\/web\/wp-content\/uploads\/2025\/02\/homepiaiextractoscrapimg_webpNichollscomoHaroldMayneposible_0.webp","jetpack_sharing_enabled":true,"_links":{"self":[{"href":"https:\/\/laserenaradio.cl\/web\/wp-json\/wp\/v2\/posts\/11748","targetHints":{"allow":["GET"]}}],"collection":[{"href":"https:\/\/laserenaradio.cl\/web\/wp-json\/wp\/v2\/posts"}],"about":[{"href":"https:\/\/laserenaradio.cl\/web\/wp-json\/wp\/v2\/types\/post"}],"author":[{"embeddable":true,"href":"https:\/\/laserenaradio.cl\/web\/wp-json\/wp\/v2\/users\/2"}],"replies":[{"embeddable":true,"href":"https:\/\/laserenaradio.cl\/web\/wp-json\/wp\/v2\/comments?post=11748"}],"version-history":[{"count":1,"href":"https:\/\/laserenaradio.cl\/web\/wp-json\/wp\/v2\/posts\/11748\/revisions"}],"predecessor-version":[{"id":11749,"href":"https:\/\/laserenaradio.cl\/web\/wp-json\/wp\/v2\/posts\/11748\/revisions\/11749"}],"wp:featuredmedia":[{"embeddable":true,"href":"https:\/\/laserenaradio.cl\/web\/wp-json\/wp\/v2\/media\/11747"}],"wp:attachment":[{"href":"https:\/\/laserenaradio.cl\/web\/wp-json\/wp\/v2\/media?parent=11748"}],"wp:term":[{"taxonomy":"category","embeddable":true,"href":"https:\/\/laserenaradio.cl\/web\/wp-json\/wp\/v2\/categories?post=11748"},{"taxonomy":"post_tag","embeddable":true,"href":"https:\/\/laserenaradio.cl\/web\/wp-json\/wp\/v2\/tags?post=11748"}],"curies":[{"name":"wp","href":"https:\/\/api.w.org\/{rel}","templated":true}]}}