{"id":11745,"date":"2025-02-16T00:01:16","date_gmt":"2025-02-16T03:01:16","guid":{"rendered":"https:\/\/laserenaradio.cl\/web\/?p=11745"},"modified":"2025-02-16T00:01:16","modified_gmt":"2025-02-16T03:01:16","slug":"al-menos-dos-nuevos-implicados-podrian-sumarse-al-caso-del-megaincendio-de-valparaiso","status":"publish","type":"post","link":"https:\/\/laserenaradio.cl\/web\/2025\/02\/16\/al-menos-dos-nuevos-implicados-podrian-sumarse-al-caso-del-megaincendio-de-valparaiso\/","title":{"rendered":"Al menos dos nuevos implicados podr\u00edan sumarse al caso del megaincendio de Valpara\u00edso"},"content":{"rendered":"<p><b>A m\u00e1s de un a\u00f1o del megaincendio en Valpara\u00edso, se revel\u00f3 la posibilidad de nuevos implicados, sum\u00e1ndose a las siete personas formalizadas: cuatro exfuncionarios de CONAF y tres exvoluntarios del Cuerpo de <a href=\"https:\/\/www.bomberos.cl\/\">Bomberos<\/a><\/b><!--more-->.<\/p>\n<p>Conversaciones obtenidas por El Mercurio sugieren que un voluntario m\u00e1s y un jefe de la brigada Palma 8 de CONAF estaban al tanto de la generaci\u00f3n intencional de incendios.<\/p>\n<p>El Ministerio P\u00fablico maneja una carpeta investigativa, ampliando el plazo de investigaci\u00f3n a 60 d\u00edas.<\/p>\n<p>Abogados involucrados en la causa afirman que hay m\u00e1s personas potencialmente implicadas y que las jefaturas de las instituciones podr\u00edan estar vinculadas al caso.<\/p>\n","protected":false},"excerpt":{"rendered":"<p>A m\u00e1s de un a\u00f1o del megaincendio en Valpara\u00edso, se revel\u00f3 la posibilidad de nuevos implicados, sum\u00e1ndose a las siete personas formalizadas: cuatro exfuncionarios de CONAF y tres exvoluntarios del Cuerpo de Bomberos<\/p>\n","protected":false},"author":2,"featured_media":11744,"comment_status":"closed","ping_status":"open","sticky":false,"template":"","format":"standard","meta":{"_jetpack_memberships_contains_paid_content":false,"jnews-multi-image_gallery":[],"jnews_single_post":[],"jnews_primary_category":[],"jnews_social_meta":[],"jnews_paywall_metabox":[],"jnews_review":[],"enable_review":"","type":"","name":"","summary":"","brand":"","sku":"","good":[],"bad":[],"score_override":"","override_value":"","rating":[],"price":[],"jnews_override_counter":[],"jnews_post_split":[],"footnotes":""},"categories":[21],"tags":[],"class_list":["post-11745","post","type-post","status-publish","format-standard","has-post-thumbnail","hentry","category-nacional"],"jetpack_featured_media_url":"https:\/\/laserenaradio.cl\/web\/wp-content\/uploads\/2025\/02\/homepiaiextractoscrapimg_webplasalmegaincendionuevos_1.webp","jetpack_sharing_enabled":true,"_links":{"self":[{"href":"https:\/\/laserenaradio.cl\/web\/wp-json\/wp\/v2\/posts\/11745","targetHints":{"allow":["GET"]}}],"collection":[{"href":"https:\/\/laserenaradio.cl\/web\/wp-json\/wp\/v2\/posts"}],"about":[{"href":"https:\/\/laserenaradio.cl\/web\/wp-json\/wp\/v2\/types\/post"}],"author":[{"embeddable":true,"href":"https:\/\/laserenaradio.cl\/web\/wp-json\/wp\/v2\/users\/2"}],"replies":[{"embeddable":true,"href":"https:\/\/laserenaradio.cl\/web\/wp-json\/wp\/v2\/comments?post=11745"}],"version-history":[{"count":1,"href":"https:\/\/laserenaradio.cl\/web\/wp-json\/wp\/v2\/posts\/11745\/revisions"}],"predecessor-version":[{"id":11746,"href":"https:\/\/laserenaradio.cl\/web\/wp-json\/wp\/v2\/posts\/11745\/revisions\/11746"}],"wp:featuredmedia":[{"embeddable":true,"href":"https:\/\/laserenaradio.cl\/web\/wp-json\/wp\/v2\/media\/11744"}],"wp:attachment":[{"href":"https:\/\/laserenaradio.cl\/web\/wp-json\/wp\/v2\/media?parent=11745"}],"wp:term":[{"taxonomy":"category","embeddable":true,"href":"https:\/\/laserenaradio.cl\/web\/wp-json\/wp\/v2\/categories?post=11745"},{"taxonomy":"post_tag","embeddable":true,"href":"https:\/\/laserenaradio.cl\/web\/wp-json\/wp\/v2\/tags?post=11745"}],"curies":[{"name":"wp","href":"https:\/\/api.w.org\/{rel}","templated":true}]}}