{"id":11739,"date":"2025-02-15T23:35:28","date_gmt":"2025-02-16T02:35:28","guid":{"rendered":"https:\/\/laserenaradio.cl\/web\/?p=11739"},"modified":"2025-02-15T23:35:28","modified_gmt":"2025-02-16T02:35:28","slug":"atacan-helicoptero-con-perdigones-en-la-araucania-toque-de-queda-y-detencion-por-incendio","status":"publish","type":"post","link":"https:\/\/laserenaradio.cl\/web\/2025\/02\/15\/atacan-helicoptero-con-perdigones-en-la-araucania-toque-de-queda-y-detencion-por-incendio\/","title":{"rendered":"Atacan helic\u00f3ptero con perdigones en La Araucan\u00eda: toque de queda y detenci\u00f3n por incendio"},"content":{"rendered":"<p><b>El delegado presidencial regional Eduardo Abdala confirm\u00f3 que se ingresar\u00e1 una querella por ataque con perdigones a un helic\u00f3ptero en Collipulli, posiblemente bajo la nueva Ley Antiterrorista<\/b><!--more-->.<\/p>\n<p>Se mantiene el toque de queda en cinco comunas de La Araucan\u00eda.<\/p>\n<p>Personal de <a href=\"https:\/\/www.pdichile.cl\/\">PDI<\/a> detuvo a una persona por un incendio en Pitrufqu\u00e9n que amenaz\u00f3 viviendas y activ\u00f3 la alerta SAE.<\/p>\n<p>Actualmente, hay tres incendios en combate en Galvarino y Pitrufqu\u00e9n.<\/p>\n","protected":false},"excerpt":{"rendered":"<p>El delegado presidencial regional Eduardo Abdala confirm\u00f3 que se ingresar\u00e1 una querella por ataque con perdigones a un helic\u00f3ptero en Collipulli, posiblemente bajo la nueva Ley Antiterrorista<\/p>\n","protected":false},"author":2,"featured_media":11738,"comment_status":"closed","ping_status":"open","sticky":false,"template":"","format":"standard","meta":{"_jetpack_memberships_contains_paid_content":false,"jnews-multi-image_gallery":[],"jnews_single_post":[],"jnews_primary_category":[],"jnews_social_meta":[],"jnews_paywall_metabox":[],"jnews_review":[],"enable_review":"","type":"","name":"","summary":"","brand":"","sku":"","good":[],"bad":[],"score_override":"","override_value":"","rating":[],"price":[],"jnews_override_counter":[],"jnews_post_split":[],"footnotes":""},"categories":[21],"tags":[],"class_list":["post-11739","post","type-post","status-publish","format-standard","has-post-thumbnail","hentry","category-nacional"],"jetpack_featured_media_url":"https:\/\/laserenaradio.cl\/web\/wp-content\/uploads\/2025\/02\/homepiaiextractoscrapimg_webpperdigonestoquequedaincendio_0.webp","jetpack_sharing_enabled":true,"_links":{"self":[{"href":"https:\/\/laserenaradio.cl\/web\/wp-json\/wp\/v2\/posts\/11739","targetHints":{"allow":["GET"]}}],"collection":[{"href":"https:\/\/laserenaradio.cl\/web\/wp-json\/wp\/v2\/posts"}],"about":[{"href":"https:\/\/laserenaradio.cl\/web\/wp-json\/wp\/v2\/types\/post"}],"author":[{"embeddable":true,"href":"https:\/\/laserenaradio.cl\/web\/wp-json\/wp\/v2\/users\/2"}],"replies":[{"embeddable":true,"href":"https:\/\/laserenaradio.cl\/web\/wp-json\/wp\/v2\/comments?post=11739"}],"version-history":[{"count":1,"href":"https:\/\/laserenaradio.cl\/web\/wp-json\/wp\/v2\/posts\/11739\/revisions"}],"predecessor-version":[{"id":11740,"href":"https:\/\/laserenaradio.cl\/web\/wp-json\/wp\/v2\/posts\/11739\/revisions\/11740"}],"wp:featuredmedia":[{"embeddable":true,"href":"https:\/\/laserenaradio.cl\/web\/wp-json\/wp\/v2\/media\/11738"}],"wp:attachment":[{"href":"https:\/\/laserenaradio.cl\/web\/wp-json\/wp\/v2\/media?parent=11739"}],"wp:term":[{"taxonomy":"category","embeddable":true,"href":"https:\/\/laserenaradio.cl\/web\/wp-json\/wp\/v2\/categories?post=11739"},{"taxonomy":"post_tag","embeddable":true,"href":"https:\/\/laserenaradio.cl\/web\/wp-json\/wp\/v2\/tags?post=11739"}],"curies":[{"name":"wp","href":"https:\/\/api.w.org\/{rel}","templated":true}]}}