{"id":11733,"date":"2025-02-15T23:30:48","date_gmt":"2025-02-16T02:30:48","guid":{"rendered":"https:\/\/laserenaradio.cl\/web\/?p=11733"},"modified":"2025-02-15T23:30:48","modified_gmt":"2025-02-16T02:30:48","slug":"desborde-en-camina-deja-bus-atrapado-por-una-quebrada","status":"publish","type":"post","link":"https:\/\/laserenaradio.cl\/web\/2025\/02\/15\/desborde-en-camina-deja-bus-atrapado-por-una-quebrada\/","title":{"rendered":"Desborde en Cami\u00f1a deja bus atrapado por una quebrada"},"content":{"rendered":"<p><b>En la provincia del Tamarugal, regi\u00f3n de Tarapac\u00e1, un bus qued\u00f3 atrapado en una quebrada tras el desborde causado por intensas precipitaciones registradas este s\u00e1bado<\/b><!--more-->.<\/p>\n<p>La situaci\u00f3n no report\u00f3 heridos y <a href=\"https:\/\/www.bomberos.cl\/\">Bomberos<\/a> acudieron al lugar.<\/p>\n<p>La Alerta Temprana Preventiva por evento meteorol\u00f3gico est\u00e1 activa en la zona, con posibilidades de remociones de masa en cordillera.<\/p>\n<p>Adem\u00e1s, la Municipalidad de Cami\u00f1a dispuso maquinarias para despejar \u00e1reas afectadas y llam\u00f3 a prestar atenci\u00f3n a posibles deslizamientos.<\/p>\n<p><a href=\"http:\/\/www.senapred.cl\">Senapred<\/a> declar\u00f3 Alerta Amarilla para otras zonas por fuertes precipitaciones.<\/p>\n","protected":false},"excerpt":{"rendered":"<p>En la provincia del Tamarugal, regi\u00f3n de Tarapac\u00e1, un bus qued\u00f3 atrapado en una quebrada tras el desborde causado por intensas precipitaciones registradas este s\u00e1bado<\/p>\n","protected":false},"author":2,"featured_media":11732,"comment_status":"closed","ping_status":"open","sticky":false,"template":"","format":"standard","meta":{"_jetpack_memberships_contains_paid_content":false,"jnews-multi-image_gallery":[],"jnews_single_post":[],"jnews_primary_category":[],"jnews_social_meta":[],"jnews_paywall_metabox":[],"jnews_review":[],"enable_review":"","type":"","name":"","summary":"","brand":"","sku":"","good":[],"bad":[],"score_override":"","override_value":"","rating":[],"price":[],"jnews_override_counter":[],"jnews_post_split":[],"footnotes":""},"categories":[21],"tags":[],"class_list":["post-11733","post","type-post","status-publish","format-standard","has-post-thumbnail","hentry","category-nacional"],"jetpack_featured_media_url":"https:\/\/laserenaradio.cl\/web\/wp-content\/uploads\/2025\/02\/homepiaiextractoscrapimg_webpDesbordeCamina_0.webp","jetpack_sharing_enabled":true,"_links":{"self":[{"href":"https:\/\/laserenaradio.cl\/web\/wp-json\/wp\/v2\/posts\/11733","targetHints":{"allow":["GET"]}}],"collection":[{"href":"https:\/\/laserenaradio.cl\/web\/wp-json\/wp\/v2\/posts"}],"about":[{"href":"https:\/\/laserenaradio.cl\/web\/wp-json\/wp\/v2\/types\/post"}],"author":[{"embeddable":true,"href":"https:\/\/laserenaradio.cl\/web\/wp-json\/wp\/v2\/users\/2"}],"replies":[{"embeddable":true,"href":"https:\/\/laserenaradio.cl\/web\/wp-json\/wp\/v2\/comments?post=11733"}],"version-history":[{"count":1,"href":"https:\/\/laserenaradio.cl\/web\/wp-json\/wp\/v2\/posts\/11733\/revisions"}],"predecessor-version":[{"id":11734,"href":"https:\/\/laserenaradio.cl\/web\/wp-json\/wp\/v2\/posts\/11733\/revisions\/11734"}],"wp:featuredmedia":[{"embeddable":true,"href":"https:\/\/laserenaradio.cl\/web\/wp-json\/wp\/v2\/media\/11732"}],"wp:attachment":[{"href":"https:\/\/laserenaradio.cl\/web\/wp-json\/wp\/v2\/media?parent=11733"}],"wp:term":[{"taxonomy":"category","embeddable":true,"href":"https:\/\/laserenaradio.cl\/web\/wp-json\/wp\/v2\/categories?post=11733"},{"taxonomy":"post_tag","embeddable":true,"href":"https:\/\/laserenaradio.cl\/web\/wp-json\/wp\/v2\/tags?post=11733"}],"curies":[{"name":"wp","href":"https:\/\/api.w.org\/{rel}","templated":true}]}}