{"id":11724,"date":"2025-02-15T14:15:14","date_gmt":"2025-02-15T17:15:14","guid":{"rendered":"https:\/\/laserenaradio.cl\/web\/?p=11724"},"modified":"2025-02-15T14:15:14","modified_gmt":"2025-02-15T17:15:14","slug":"un-hombre-es-detenido-por-incendiar-pastizales-en-coronel","status":"publish","type":"post","link":"https:\/\/laserenaradio.cl\/web\/2025\/02\/15\/un-hombre-es-detenido-por-incendiar-pastizales-en-coronel\/","title":{"rendered":"Un hombre es detenido por incendiar pastizales en Coronel"},"content":{"rendered":"<p><b>Un hombre de 56 a\u00f1os fue formalizado y detenido en prisi\u00f3n preventiva por el incendio de pastizales ocurrido cerca de la Ruta 160, en Coronel<\/b><!--more-->.<\/p>\n<p>La vecina denunci\u00f3 al imputado al notar el incendio a las 18:20 horas del mi\u00e9rcoles, lo que permiti\u00f3 a <a href=\"https:\/\/www.carabineros.cl\/\">Carabineros<\/a> incautar un encendedor y detener r\u00e1pidamente al sospechoso.<\/p>\n<p>Seg\u00fan la fiscal Glenda Lagos, L.E.P.P. prendi\u00f3 fuego a pastizales, afectando una hect\u00e1rea de vegetaci\u00f3n arbustiva y pastos.<\/p>\n<p>El juzgado orden\u00f3 la prisi\u00f3n preventiva debido al peligro para la seguridad p\u00fablica y la gravedad del delito, adem\u00e1s de considerar causas previas del imputado.<\/p>\n<p>Se estableci\u00f3 un plazo de tres meses para la investigaci\u00f3n.<\/p>\n","protected":false},"excerpt":{"rendered":"<p>Un hombre de 56 a\u00f1os fue formalizado y detenido en prisi\u00f3n preventiva por el incendio de pastizales ocurrido cerca de la Ruta 160, en Coronel<\/p>\n","protected":false},"author":2,"featured_media":11723,"comment_status":"closed","ping_status":"open","sticky":false,"template":"","format":"standard","meta":{"_jetpack_memberships_contains_paid_content":false,"jnews-multi-image_gallery":[],"jnews_single_post":[],"jnews_primary_category":[],"jnews_social_meta":[],"jnews_paywall_metabox":[],"jnews_review":[],"enable_review":"","type":"","name":"","summary":"","brand":"","sku":"","good":[],"bad":[],"score_override":"","override_value":"","rating":[],"price":[],"jnews_override_counter":[],"jnews_post_split":[],"footnotes":""},"categories":[21],"tags":[],"class_list":["post-11724","post","type-post","status-publish","format-standard","has-post-thumbnail","hentry","category-nacional"],"jetpack_featured_media_url":"https:\/\/laserenaradio.cl\/web\/wp-content\/uploads\/2025\/02\/homepiaiextractoscrapimg_webppastizaleshombredetenido_0.webp","jetpack_sharing_enabled":true,"_links":{"self":[{"href":"https:\/\/laserenaradio.cl\/web\/wp-json\/wp\/v2\/posts\/11724","targetHints":{"allow":["GET"]}}],"collection":[{"href":"https:\/\/laserenaradio.cl\/web\/wp-json\/wp\/v2\/posts"}],"about":[{"href":"https:\/\/laserenaradio.cl\/web\/wp-json\/wp\/v2\/types\/post"}],"author":[{"embeddable":true,"href":"https:\/\/laserenaradio.cl\/web\/wp-json\/wp\/v2\/users\/2"}],"replies":[{"embeddable":true,"href":"https:\/\/laserenaradio.cl\/web\/wp-json\/wp\/v2\/comments?post=11724"}],"version-history":[{"count":1,"href":"https:\/\/laserenaradio.cl\/web\/wp-json\/wp\/v2\/posts\/11724\/revisions"}],"predecessor-version":[{"id":11725,"href":"https:\/\/laserenaradio.cl\/web\/wp-json\/wp\/v2\/posts\/11724\/revisions\/11725"}],"wp:featuredmedia":[{"embeddable":true,"href":"https:\/\/laserenaradio.cl\/web\/wp-json\/wp\/v2\/media\/11723"}],"wp:attachment":[{"href":"https:\/\/laserenaradio.cl\/web\/wp-json\/wp\/v2\/media?parent=11724"}],"wp:term":[{"taxonomy":"category","embeddable":true,"href":"https:\/\/laserenaradio.cl\/web\/wp-json\/wp\/v2\/categories?post=11724"},{"taxonomy":"post_tag","embeddable":true,"href":"https:\/\/laserenaradio.cl\/web\/wp-json\/wp\/v2\/tags?post=11724"}],"curies":[{"name":"wp","href":"https:\/\/api.w.org\/{rel}","templated":true}]}}