{"id":11718,"date":"2025-02-15T14:07:31","date_gmt":"2025-02-15T17:07:31","guid":{"rendered":"https:\/\/laserenaradio.cl\/web\/?p=11718"},"modified":"2025-02-15T14:07:31","modified_gmt":"2025-02-15T17:07:31","slug":"detienen-a-hombre-sospechoso-por-iniciar-incendios-forestales-en-quilleco","status":"publish","type":"post","link":"https:\/\/laserenaradio.cl\/web\/2025\/02\/15\/detienen-a-hombre-sospechoso-por-iniciar-incendios-forestales-en-quilleco\/","title":{"rendered":"Detienen a hombre sospechoso por iniciar incendios forestales en Quilleco"},"content":{"rendered":"<p><b>Un hombre fue detenido por su presunta participaci\u00f3n en incendios forestales en Quilleco, B\u00edo B\u00edo<\/b><!--more-->.<\/p>\n<p>La polic\u00eda lo arrest\u00f3 despu\u00e9s que vecinos alertaran sobre su supuesta actividad de encender fuego a plantaciones forestales durante la noche del jueves.<\/p>\n<p>El alcalde Claudio Solar denunci\u00f3 el hecho y se sospecha que el hombre ha participado en otros incendios similares, incluyendo la quema de camiones en 2024.<\/p>\n<p>La detenci\u00f3n fue ampliada hasta el pr\u00f3ximo lunes para completar las investigaciones.<\/p>\n","protected":false},"excerpt":{"rendered":"<p>Un hombre fue detenido por su presunta participaci\u00f3n en incendios forestales en Quilleco, B\u00edo B\u00edo<\/p>\n","protected":false},"author":2,"featured_media":11717,"comment_status":"closed","ping_status":"open","sticky":false,"template":"","format":"standard","meta":{"_jetpack_memberships_contains_paid_content":false,"jnews-multi-image_gallery":[],"jnews_single_post":[],"jnews_primary_category":[],"jnews_social_meta":[],"jnews_paywall_metabox":[],"jnews_review":[],"enable_review":"","type":"","name":"","summary":"","brand":"","sku":"","good":[],"bad":[],"score_override":"","override_value":"","rating":[],"price":[],"jnews_override_counter":[],"jnews_post_split":[],"footnotes":""},"categories":[21],"tags":[],"class_list":["post-11718","post","type-post","status-publish","format-standard","has-post-thumbnail","hentry","category-nacional"],"jetpack_featured_media_url":"https:\/\/laserenaradio.cl\/web\/wp-content\/uploads\/2025\/02\/homepiaiextractoscrapimg_webphombreincendiosforestalesfue_0.webp","jetpack_sharing_enabled":true,"_links":{"self":[{"href":"https:\/\/laserenaradio.cl\/web\/wp-json\/wp\/v2\/posts\/11718","targetHints":{"allow":["GET"]}}],"collection":[{"href":"https:\/\/laserenaradio.cl\/web\/wp-json\/wp\/v2\/posts"}],"about":[{"href":"https:\/\/laserenaradio.cl\/web\/wp-json\/wp\/v2\/types\/post"}],"author":[{"embeddable":true,"href":"https:\/\/laserenaradio.cl\/web\/wp-json\/wp\/v2\/users\/2"}],"replies":[{"embeddable":true,"href":"https:\/\/laserenaradio.cl\/web\/wp-json\/wp\/v2\/comments?post=11718"}],"version-history":[{"count":1,"href":"https:\/\/laserenaradio.cl\/web\/wp-json\/wp\/v2\/posts\/11718\/revisions"}],"predecessor-version":[{"id":11719,"href":"https:\/\/laserenaradio.cl\/web\/wp-json\/wp\/v2\/posts\/11718\/revisions\/11719"}],"wp:featuredmedia":[{"embeddable":true,"href":"https:\/\/laserenaradio.cl\/web\/wp-json\/wp\/v2\/media\/11717"}],"wp:attachment":[{"href":"https:\/\/laserenaradio.cl\/web\/wp-json\/wp\/v2\/media?parent=11718"}],"wp:term":[{"taxonomy":"category","embeddable":true,"href":"https:\/\/laserenaradio.cl\/web\/wp-json\/wp\/v2\/categories?post=11718"},{"taxonomy":"post_tag","embeddable":true,"href":"https:\/\/laserenaradio.cl\/web\/wp-json\/wp\/v2\/tags?post=11718"}],"curies":[{"name":"wp","href":"https:\/\/api.w.org\/{rel}","templated":true}]}}