{"id":11712,"date":"2025-02-15T14:04:28","date_gmt":"2025-02-15T17:04:28","guid":{"rendered":"https:\/\/laserenaradio.cl\/web\/?p=11712"},"modified":"2025-02-15T14:04:28","modified_gmt":"2025-02-15T17:04:28","slug":"un-hombre-fue-detenido-por-asesinar-a-un-delincuente-durante-una-detencion-ciudadana-en-la-florida","status":"publish","type":"post","link":"https:\/\/laserenaradio.cl\/web\/2025\/02\/15\/un-hombre-fue-detenido-por-asesinar-a-un-delincuente-durante-una-detencion-ciudadana-en-la-florida\/","title":{"rendered":"Un hombre fue detenido por asesinar a un delincuente durante una detenci\u00f3n ciudadana en La Florida"},"content":{"rendered":"<p><b>En la madrugada del 10 de noviembre pasado, dos venezolanos fueron asesinados durante una detenci\u00f3n ciudadana en la villa Arturo Prat de La Florida<\/b><!--more-->.<\/p>\n<p>Seg\u00fan la Brigada de Homicidios de la <a href=\"https:\/\/www.pdichile.cl\/\">PDI<\/a>, vecinos que los hab\u00edan acusado de robo les propinaron golpes con objetos contundentes, resultando en la muerte de uno y lesiones al otro.<\/p>\n<p>Durante la investigaci\u00f3n, se confirm\u00f3 que los detenidos efectivamente estaban cometiendo robos, seg\u00fan evidencias obtenidas a trav\u00e9s de c\u00e1maras de seguridad, testimonios y otros medios tecnol\u00f3gicos.<\/p>\n<p>La fiscal\u00eda logr\u00f3 identificar a los conductores involucrados en el incidente.<\/p>\n<p>La tarde del 14 de febrero se detuvo a uno de ellos, un hombre de 37 a\u00f1os con antecedentes policiales, quien fue formalizado por el delito de homicidio calificado consumado y qued\u00f3 bajo prisi\u00f3n preventiva.<\/p>\n","protected":false},"excerpt":{"rendered":"<p>En la madrugada del 10 de noviembre pasado, dos venezolanos fueron asesinados durante una detenci\u00f3n ciudadana en la villa Arturo Prat de La Florida<\/p>\n","protected":false},"author":2,"featured_media":9076,"comment_status":"closed","ping_status":"open","sticky":false,"template":"","format":"standard","meta":{"_jetpack_memberships_contains_paid_content":false,"jnews-multi-image_gallery":[],"jnews_single_post":[],"jnews_primary_category":[],"jnews_social_meta":[],"jnews_paywall_metabox":[],"jnews_review":[],"enable_review":"","type":"","name":"","summary":"","brand":"","sku":"","good":[],"bad":[],"score_override":"","override_value":"","rating":[],"price":[],"jnews_override_counter":[],"jnews_post_split":[],"footnotes":""},"categories":[21],"tags":[],"class_list":["post-11712","post","type-post","status-publish","format-standard","has-post-thumbnail","hentry","category-nacional"],"jetpack_featured_media_url":"https:\/\/laserenaradio.cl\/web\/wp-content\/uploads\/2024\/12\/laserenaradio_nacional.webp","jetpack_sharing_enabled":true,"_links":{"self":[{"href":"https:\/\/laserenaradio.cl\/web\/wp-json\/wp\/v2\/posts\/11712","targetHints":{"allow":["GET"]}}],"collection":[{"href":"https:\/\/laserenaradio.cl\/web\/wp-json\/wp\/v2\/posts"}],"about":[{"href":"https:\/\/laserenaradio.cl\/web\/wp-json\/wp\/v2\/types\/post"}],"author":[{"embeddable":true,"href":"https:\/\/laserenaradio.cl\/web\/wp-json\/wp\/v2\/users\/2"}],"replies":[{"embeddable":true,"href":"https:\/\/laserenaradio.cl\/web\/wp-json\/wp\/v2\/comments?post=11712"}],"version-history":[{"count":1,"href":"https:\/\/laserenaradio.cl\/web\/wp-json\/wp\/v2\/posts\/11712\/revisions"}],"predecessor-version":[{"id":11713,"href":"https:\/\/laserenaradio.cl\/web\/wp-json\/wp\/v2\/posts\/11712\/revisions\/11713"}],"wp:featuredmedia":[{"embeddable":true,"href":"https:\/\/laserenaradio.cl\/web\/wp-json\/wp\/v2\/media\/9076"}],"wp:attachment":[{"href":"https:\/\/laserenaradio.cl\/web\/wp-json\/wp\/v2\/media?parent=11712"}],"wp:term":[{"taxonomy":"category","embeddable":true,"href":"https:\/\/laserenaradio.cl\/web\/wp-json\/wp\/v2\/categories?post=11712"},{"taxonomy":"post_tag","embeddable":true,"href":"https:\/\/laserenaradio.cl\/web\/wp-json\/wp\/v2\/tags?post=11712"}],"curies":[{"name":"wp","href":"https:\/\/api.w.org\/{rel}","templated":true}]}}