{"id":11710,"date":"2025-02-15T12:44:33","date_gmt":"2025-02-15T15:44:33","guid":{"rendered":"https:\/\/laserenaradio.cl\/web\/?p=11710"},"modified":"2025-02-15T12:44:33","modified_gmt":"2025-02-15T15:44:33","slug":"aumentan-37-los-homicidios-dentro-de-las-carceles-chilenas","status":"publish","type":"post","link":"https:\/\/laserenaradio.cl\/web\/2025\/02\/15\/aumentan-37-los-homicidios-dentro-de-las-carceles-chilenas\/","title":{"rendered":"Aumentan 37% los homicidios dentro de las c\u00e1rceles chilenas"},"content":{"rendered":"<p><b>El n\u00famero de homicidios en las c\u00e1rceles chilenas aument\u00f3 37% entre 2023 y 2024, pasando de 35 a 48 cr\u00edmenes.<\/b><!--more-->.<\/p>\n<p>La poblaci\u00f3n penitenciaria creci\u00f3 del 53.125 internos en 2023 al 58.908 en 2024.<\/p>\n<p>Abogados se\u00f1alan la posibilidad de que el aumento sea debida a la sobrepoblaci\u00f3n penal o cambios en el perfil delincuencial.<\/p>\n<p>Ppr su parte, se present\u00f3 un Plan de Intervenci\u00f3n Preventiva de Unidades Penales con el objetivo de reducir estos cr\u00edmenes, aprobado por el ministro de Justicia y <a href=\"http:\/\/www.gendarmeria.gob.cl\/\">Gendarmer\u00eda<\/a>.<\/p>\n","protected":false},"excerpt":{"rendered":"<p>El n\u00famero de homicidios en las c\u00e1rceles chilenas aument\u00f3 37% entre 2023 y 2024, pasando de 35 a 48 cr\u00edmenes.<\/p>\n","protected":false},"author":2,"featured_media":11709,"comment_status":"closed","ping_status":"open","sticky":false,"template":"","format":"standard","meta":{"_jetpack_memberships_contains_paid_content":false,"jnews-multi-image_gallery":[],"jnews_single_post":[],"jnews_primary_category":[],"jnews_social_meta":[],"jnews_paywall_metabox":[],"jnews_review":[],"enable_review":"","type":"","name":"","summary":"","brand":"","sku":"","good":[],"bad":[],"score_override":"","override_value":"","rating":[],"price":[],"jnews_override_counter":[],"jnews_post_split":[],"footnotes":""},"categories":[21],"tags":[],"class_list":["post-11710","post","type-post","status-publish","format-standard","has-post-thumbnail","hentry","category-nacional"],"jetpack_featured_media_url":"https:\/\/laserenaradio.cl\/web\/wp-content\/uploads\/2025\/02\/homepiaiextractoscrapimg_webphomicidioschilenasaumento_1.webp","jetpack_sharing_enabled":true,"_links":{"self":[{"href":"https:\/\/laserenaradio.cl\/web\/wp-json\/wp\/v2\/posts\/11710","targetHints":{"allow":["GET"]}}],"collection":[{"href":"https:\/\/laserenaradio.cl\/web\/wp-json\/wp\/v2\/posts"}],"about":[{"href":"https:\/\/laserenaradio.cl\/web\/wp-json\/wp\/v2\/types\/post"}],"author":[{"embeddable":true,"href":"https:\/\/laserenaradio.cl\/web\/wp-json\/wp\/v2\/users\/2"}],"replies":[{"embeddable":true,"href":"https:\/\/laserenaradio.cl\/web\/wp-json\/wp\/v2\/comments?post=11710"}],"version-history":[{"count":1,"href":"https:\/\/laserenaradio.cl\/web\/wp-json\/wp\/v2\/posts\/11710\/revisions"}],"predecessor-version":[{"id":11711,"href":"https:\/\/laserenaradio.cl\/web\/wp-json\/wp\/v2\/posts\/11710\/revisions\/11711"}],"wp:featuredmedia":[{"embeddable":true,"href":"https:\/\/laserenaradio.cl\/web\/wp-json\/wp\/v2\/media\/11709"}],"wp:attachment":[{"href":"https:\/\/laserenaradio.cl\/web\/wp-json\/wp\/v2\/media?parent=11710"}],"wp:term":[{"taxonomy":"category","embeddable":true,"href":"https:\/\/laserenaradio.cl\/web\/wp-json\/wp\/v2\/categories?post=11710"},{"taxonomy":"post_tag","embeddable":true,"href":"https:\/\/laserenaradio.cl\/web\/wp-json\/wp\/v2\/tags?post=11710"}],"curies":[{"name":"wp","href":"https:\/\/api.w.org\/{rel}","templated":true}]}}