{"id":11704,"date":"2025-02-15T11:22:23","date_gmt":"2025-02-15T14:22:23","guid":{"rendered":"https:\/\/laserenaradio.cl\/web\/?p=11704"},"modified":"2025-02-15T11:22:23","modified_gmt":"2025-02-15T14:22:23","slug":"desbordes-de-rios-loa-y-san-pedro-obligan-a-evacuacion-en-la-region-de-antofagasta","status":"publish","type":"post","link":"https:\/\/laserenaradio.cl\/web\/2025\/02\/15\/desbordes-de-rios-loa-y-san-pedro-obligan-a-evacuacion-en-la-region-de-antofagasta\/","title":{"rendered":"Desbordes de r\u00edos Loa y San Pedro obligan a evacuaci\u00f3n en la regi\u00f3n de Antofagasta"},"content":{"rendered":"<p><b>El delegado presidencial regional de Antofagasta, Miguel Ballesteros, inform\u00f3 sobre la situaci\u00f3n actual de los r\u00edos en la zona<\/b><!--more-->.<\/p>\n<p>El <a href=\"http:\/\/www.senapred.cl\">Senapred<\/a> solicit\u00f3 evacuar el sector Yalquincha en Calama y las \u00e1reas cercanas al R\u00edo San Pedro en San Pedro de Atacama, debido a desborde de estos r\u00edos.<\/p>\n<p>Asismimo, desde la instituci\u00f3n se activ\u00f3 la mensajer\u00eda SAE para complementar la evacuaci\u00f3n preventiva.<\/p>\n","protected":false},"excerpt":{"rendered":"<p>El delegado presidencial regional de Antofagasta, Miguel Ballesteros, inform\u00f3 sobre la situaci\u00f3n actual de los r\u00edos en la zona<\/p>\n","protected":false},"author":2,"featured_media":11703,"comment_status":"closed","ping_status":"open","sticky":false,"template":"","format":"standard","meta":{"_jetpack_memberships_contains_paid_content":false,"jnews-multi-image_gallery":[],"jnews_single_post":[],"jnews_primary_category":[],"jnews_social_meta":[],"jnews_paywall_metabox":[],"jnews_review":[],"enable_review":"","type":"","name":"","summary":"","brand":"","sku":"","good":[],"bad":[],"score_override":"","override_value":"","rating":[],"price":[],"jnews_override_counter":[],"jnews_post_split":[],"footnotes":""},"categories":[21],"tags":[],"class_list":["post-11704","post","type-post","status-publish","format-standard","has-post-thumbnail","hentry","category-nacional"],"jetpack_featured_media_url":"https:\/\/laserenaradio.cl\/web\/wp-content\/uploads\/2025\/02\/homepiaiextractoscrapimg_webpDesbordesLoa_0.webp","jetpack_sharing_enabled":true,"_links":{"self":[{"href":"https:\/\/laserenaradio.cl\/web\/wp-json\/wp\/v2\/posts\/11704","targetHints":{"allow":["GET"]}}],"collection":[{"href":"https:\/\/laserenaradio.cl\/web\/wp-json\/wp\/v2\/posts"}],"about":[{"href":"https:\/\/laserenaradio.cl\/web\/wp-json\/wp\/v2\/types\/post"}],"author":[{"embeddable":true,"href":"https:\/\/laserenaradio.cl\/web\/wp-json\/wp\/v2\/users\/2"}],"replies":[{"embeddable":true,"href":"https:\/\/laserenaradio.cl\/web\/wp-json\/wp\/v2\/comments?post=11704"}],"version-history":[{"count":1,"href":"https:\/\/laserenaradio.cl\/web\/wp-json\/wp\/v2\/posts\/11704\/revisions"}],"predecessor-version":[{"id":11705,"href":"https:\/\/laserenaradio.cl\/web\/wp-json\/wp\/v2\/posts\/11704\/revisions\/11705"}],"wp:featuredmedia":[{"embeddable":true,"href":"https:\/\/laserenaradio.cl\/web\/wp-json\/wp\/v2\/media\/11703"}],"wp:attachment":[{"href":"https:\/\/laserenaradio.cl\/web\/wp-json\/wp\/v2\/media?parent=11704"}],"wp:term":[{"taxonomy":"category","embeddable":true,"href":"https:\/\/laserenaradio.cl\/web\/wp-json\/wp\/v2\/categories?post=11704"},{"taxonomy":"post_tag","embeddable":true,"href":"https:\/\/laserenaradio.cl\/web\/wp-json\/wp\/v2\/tags?post=11704"}],"curies":[{"name":"wp","href":"https:\/\/api.w.org\/{rel}","templated":true}]}}