{"id":11694,"date":"2025-02-15T10:11:30","date_gmt":"2025-02-15T13:11:30","guid":{"rendered":"https:\/\/laserenaradio.cl\/web\/?p=11694"},"modified":"2025-02-15T10:11:30","modified_gmt":"2025-02-15T13:11:30","slug":"la-justicia-chilena-entre-retos-y-recortes-por-que-la-reforma-procesal-penal-fracasa-en-cumplir-con-su-objetivo","status":"publish","type":"post","link":"https:\/\/laserenaradio.cl\/web\/2025\/02\/15\/la-justicia-chilena-entre-retos-y-recortes-por-que-la-reforma-procesal-penal-fracasa-en-cumplir-con-su-objetivo\/","title":{"rendered":"La justicia chilena, entre retos y recortes: \u00bfPor qu\u00e9 la Reforma Procesal Penal fracasa en cumplir con su objetivo?"},"content":{"rendered":"<p><b>La Reforma Procesal Penal implementada en Chile a principios de los 2000 buscaba modernizar el sistema judicial para lograr una justicia oportuna y ejecutiva<\/b><!--more-->.<\/p>\n<p>Aunque se han logrado avances, persisten problemas como lentas investigaciones del Ministerio P\u00fablico y juicios largos que demoran a\u00f1os en concluir, lo cual ha generado preocupaci\u00f3n entre la comunidad penal y acad\u00e9mica por los riesgos para derechos de las v\u00edctimas e imputados.<\/p>\n<p>Exfiscales y exabogados han identificado necesidades como reformar el manejo de pruebas documentales.<\/p>\n<p>Adem\u00e1s, el Poder Judicial enfrenta un significativo recorte presupuestario que ha sido rechazado por gremios del sistema judicial, pidiendo un rev\u00e9s en la medida debido a sus graves consecuencias.<\/p>\n","protected":false},"excerpt":{"rendered":"<p>La Reforma Procesal Penal implementada en Chile a principios de los 2000 buscaba modernizar el sistema judicial para lograr una justicia oportuna y ejecutiva<\/p>\n","protected":false},"author":2,"featured_media":9076,"comment_status":"closed","ping_status":"open","sticky":false,"template":"","format":"standard","meta":{"_jetpack_memberships_contains_paid_content":false,"jnews-multi-image_gallery":[],"jnews_single_post":[],"jnews_primary_category":[],"jnews_social_meta":[],"jnews_paywall_metabox":[],"jnews_review":[],"enable_review":"","type":"","name":"","summary":"","brand":"","sku":"","good":[],"bad":[],"score_override":"","override_value":"","rating":[],"price":[],"jnews_override_counter":[],"jnews_post_split":[],"footnotes":""},"categories":[21],"tags":[],"class_list":["post-11694","post","type-post","status-publish","format-standard","has-post-thumbnail","hentry","category-nacional"],"jetpack_featured_media_url":"https:\/\/laserenaradio.cl\/web\/wp-content\/uploads\/2024\/12\/laserenaradio_nacional.webp","jetpack_sharing_enabled":true,"_links":{"self":[{"href":"https:\/\/laserenaradio.cl\/web\/wp-json\/wp\/v2\/posts\/11694","targetHints":{"allow":["GET"]}}],"collection":[{"href":"https:\/\/laserenaradio.cl\/web\/wp-json\/wp\/v2\/posts"}],"about":[{"href":"https:\/\/laserenaradio.cl\/web\/wp-json\/wp\/v2\/types\/post"}],"author":[{"embeddable":true,"href":"https:\/\/laserenaradio.cl\/web\/wp-json\/wp\/v2\/users\/2"}],"replies":[{"embeddable":true,"href":"https:\/\/laserenaradio.cl\/web\/wp-json\/wp\/v2\/comments?post=11694"}],"version-history":[{"count":1,"href":"https:\/\/laserenaradio.cl\/web\/wp-json\/wp\/v2\/posts\/11694\/revisions"}],"predecessor-version":[{"id":11695,"href":"https:\/\/laserenaradio.cl\/web\/wp-json\/wp\/v2\/posts\/11694\/revisions\/11695"}],"wp:featuredmedia":[{"embeddable":true,"href":"https:\/\/laserenaradio.cl\/web\/wp-json\/wp\/v2\/media\/9076"}],"wp:attachment":[{"href":"https:\/\/laserenaradio.cl\/web\/wp-json\/wp\/v2\/media?parent=11694"}],"wp:term":[{"taxonomy":"category","embeddable":true,"href":"https:\/\/laserenaradio.cl\/web\/wp-json\/wp\/v2\/categories?post=11694"},{"taxonomy":"post_tag","embeddable":true,"href":"https:\/\/laserenaradio.cl\/web\/wp-json\/wp\/v2\/tags?post=11694"}],"curies":[{"name":"wp","href":"https:\/\/api.w.org\/{rel}","templated":true}]}}