{"id":11692,"date":"2025-02-15T09:48:21","date_gmt":"2025-02-15T12:48:21","guid":{"rendered":"https:\/\/laserenaradio.cl\/web\/?p=11692"},"modified":"2025-02-15T09:48:21","modified_gmt":"2025-02-15T12:48:21","slug":"ine-anuncia-calendario-de-entrega-de-resultados-del-censo-de-poblacion-y-vivienda","status":"publish","type":"post","link":"https:\/\/laserenaradio.cl\/web\/2025\/02\/15\/ine-anuncia-calendario-de-entrega-de-resultados-del-censo-de-poblacion-y-vivienda\/","title":{"rendered":"INE anuncia calendario de entrega de resultados del Censo de Poblaci\u00f3n y Vivienda"},"content":{"rendered":"<p><b>El Instituto Nacional de Estad\u00edsticas (<a href=\"http:\/\/www.ine.cl\/\">INE<\/a>) anunciar\u00e1 los resultados del Censo de Poblaci\u00f3n y Vivienda 2024 el 27 de marzo, incluyendo cifras nacionales, regionales y comunales<\/b><!--more-->.<\/p>\n<p>Los datos detallar\u00e1n personas, hogares y viviendas por sexo y edad, culminando con la estimaci\u00f3n de la poblaci\u00f3n chilena en 2026.<\/p>\n<p>Este censo, que comenz\u00f3 a prepararse en 2019, se implement\u00f3 entre marzo y julio de 2024 con m\u00e1s de 30.000 censistas recorriendo todo el pa\u00eds y utiliz\u00f3 novedades como dispositivos m\u00f3viles y opciones de auto-censo en l\u00ednea.<\/p>\n","protected":false},"excerpt":{"rendered":"<p>El Instituto Nacional de Estad\u00edsticas (INE) anunciar\u00e1 los resultados del Censo de Poblaci\u00f3n y Vivienda 2024 el 27 de marzo, incluyendo cifras nacionales, regionales y comunales<\/p>\n","protected":false},"author":2,"featured_media":11691,"comment_status":"closed","ping_status":"open","sticky":false,"template":"","format":"standard","meta":{"_jetpack_memberships_contains_paid_content":false,"jnews-multi-image_gallery":[],"jnews_single_post":[],"jnews_primary_category":[],"jnews_social_meta":[],"jnews_paywall_metabox":[],"jnews_review":[],"enable_review":"","type":"","name":"","summary":"","brand":"","sku":"","good":[],"bad":[],"score_override":"","override_value":"","rating":[],"price":[],"jnews_override_counter":[],"jnews_post_split":[],"footnotes":""},"categories":[21],"tags":[],"class_list":["post-11692","post","type-post","status-publish","format-standard","has-post-thumbnail","hentry","category-nacional"],"jetpack_featured_media_url":"https:\/\/laserenaradio.cl\/web\/wp-content\/uploads\/2025\/02\/homepiaiextractoscrapimg_webpINECenso_1.webp","jetpack_sharing_enabled":true,"_links":{"self":[{"href":"https:\/\/laserenaradio.cl\/web\/wp-json\/wp\/v2\/posts\/11692","targetHints":{"allow":["GET"]}}],"collection":[{"href":"https:\/\/laserenaradio.cl\/web\/wp-json\/wp\/v2\/posts"}],"about":[{"href":"https:\/\/laserenaradio.cl\/web\/wp-json\/wp\/v2\/types\/post"}],"author":[{"embeddable":true,"href":"https:\/\/laserenaradio.cl\/web\/wp-json\/wp\/v2\/users\/2"}],"replies":[{"embeddable":true,"href":"https:\/\/laserenaradio.cl\/web\/wp-json\/wp\/v2\/comments?post=11692"}],"version-history":[{"count":1,"href":"https:\/\/laserenaradio.cl\/web\/wp-json\/wp\/v2\/posts\/11692\/revisions"}],"predecessor-version":[{"id":11693,"href":"https:\/\/laserenaradio.cl\/web\/wp-json\/wp\/v2\/posts\/11692\/revisions\/11693"}],"wp:featuredmedia":[{"embeddable":true,"href":"https:\/\/laserenaradio.cl\/web\/wp-json\/wp\/v2\/media\/11691"}],"wp:attachment":[{"href":"https:\/\/laserenaradio.cl\/web\/wp-json\/wp\/v2\/media?parent=11692"}],"wp:term":[{"taxonomy":"category","embeddable":true,"href":"https:\/\/laserenaradio.cl\/web\/wp-json\/wp\/v2\/categories?post=11692"},{"taxonomy":"post_tag","embeddable":true,"href":"https:\/\/laserenaradio.cl\/web\/wp-json\/wp\/v2\/tags?post=11692"}],"curies":[{"name":"wp","href":"https:\/\/api.w.org\/{rel}","templated":true}]}}