{"id":11679,"date":"2025-02-14T20:15:29","date_gmt":"2025-02-14T23:15:29","guid":{"rendered":"https:\/\/laserenaradio.cl\/web\/?p=11679"},"modified":"2025-02-14T20:15:29","modified_gmt":"2025-02-14T23:15:29","slug":"la-vuelta-de-mahmud-aleuy-y-su-impacto-politico","status":"publish","type":"post","link":"https:\/\/laserenaradio.cl\/web\/2025\/02\/14\/la-vuelta-de-mahmud-aleuy-y-su-impacto-politico\/","title":{"rendered":"La vuelta de Mahmud Aleuy y su impacto pol\u00edtico"},"content":{"rendered":"<p><b>El subsecretario Mahmud Aleuy asisti\u00f3 a las instalaciones del Partido Socialista (PS) para apoyar la inscripci\u00f3n de una lista electoral<\/b><!--more-->.<\/p>\n<p>Esto ha reabierto debates sobre un eventual retorno de Michelle Bachelet a la pol\u00edtica.<\/p>\n<p>Aleuy afirma que su presencia no representa un regreso a la actividad pol\u00edtica, sino una contribuci\u00f3n a la pluralizaci\u00f3n del partido y el fomento de la democracia interna.<\/p>\n<p>Asegura que espera la decisi\u00f3n oficial de Bachelet sobre si postular\u00e1 en las pr\u00f3ximas elecciones, que se conocer\u00e1 en marzo.<\/p>\n<p>En cuanto a cr\u00edticas sobre una posible candidatura de Bachelet, Aleuy sugiere un enfoque m\u00e1s hol\u00edstico y menos centrado en posiciones p\u00fablicas.<\/p>\n","protected":false},"excerpt":{"rendered":"<p>El subsecretario Mahmud Aleuy asisti\u00f3 a las instalaciones del Partido Socialista (PS) para apoyar la inscripci\u00f3n de una lista electoral<\/p>\n","protected":false},"author":2,"featured_media":11678,"comment_status":"closed","ping_status":"open","sticky":false,"template":"","format":"standard","meta":{"_jetpack_memberships_contains_paid_content":false,"jnews-multi-image_gallery":[],"jnews_single_post":[],"jnews_primary_category":[],"jnews_social_meta":[],"jnews_paywall_metabox":[],"jnews_review":[],"enable_review":"","type":"","name":"","summary":"","brand":"","sku":"","good":[],"bad":[],"score_override":"","override_value":"","rating":[],"price":[],"jnews_override_counter":[],"jnews_post_split":[],"footnotes":""},"categories":[83],"tags":[],"class_list":["post-11679","post","type-post","status-publish","format-standard","has-post-thumbnail","hentry","category-politica"],"jetpack_featured_media_url":"https:\/\/laserenaradio.cl\/web\/wp-content\/uploads\/2025\/02\/homepiaiextractoscrapimg_webpMahmudAleuy_0.webp","jetpack_sharing_enabled":true,"_links":{"self":[{"href":"https:\/\/laserenaradio.cl\/web\/wp-json\/wp\/v2\/posts\/11679","targetHints":{"allow":["GET"]}}],"collection":[{"href":"https:\/\/laserenaradio.cl\/web\/wp-json\/wp\/v2\/posts"}],"about":[{"href":"https:\/\/laserenaradio.cl\/web\/wp-json\/wp\/v2\/types\/post"}],"author":[{"embeddable":true,"href":"https:\/\/laserenaradio.cl\/web\/wp-json\/wp\/v2\/users\/2"}],"replies":[{"embeddable":true,"href":"https:\/\/laserenaradio.cl\/web\/wp-json\/wp\/v2\/comments?post=11679"}],"version-history":[{"count":1,"href":"https:\/\/laserenaradio.cl\/web\/wp-json\/wp\/v2\/posts\/11679\/revisions"}],"predecessor-version":[{"id":11680,"href":"https:\/\/laserenaradio.cl\/web\/wp-json\/wp\/v2\/posts\/11679\/revisions\/11680"}],"wp:featuredmedia":[{"embeddable":true,"href":"https:\/\/laserenaradio.cl\/web\/wp-json\/wp\/v2\/media\/11678"}],"wp:attachment":[{"href":"https:\/\/laserenaradio.cl\/web\/wp-json\/wp\/v2\/media?parent=11679"}],"wp:term":[{"taxonomy":"category","embeddable":true,"href":"https:\/\/laserenaradio.cl\/web\/wp-json\/wp\/v2\/categories?post=11679"},{"taxonomy":"post_tag","embeddable":true,"href":"https:\/\/laserenaradio.cl\/web\/wp-json\/wp\/v2\/tags?post=11679"}],"curies":[{"name":"wp","href":"https:\/\/api.w.org\/{rel}","templated":true}]}}