{"id":11676,"date":"2025-02-14T20:13:37","date_gmt":"2025-02-14T23:13:37","guid":{"rendered":"https:\/\/laserenaradio.cl\/web\/?p=11676"},"modified":"2025-02-14T20:13:37","modified_gmt":"2025-02-14T23:13:37","slug":"arturo-vidal-prepara-su-documental-king-para-2026","status":"publish","type":"post","link":"https:\/\/laserenaradio.cl\/web\/2025\/02\/14\/arturo-vidal-prepara-su-documental-king-para-2026\/","title":{"rendered":"Arturo Vidal prepara su documental &#8220;King&#8221; para 2026"},"content":{"rendered":"<p><b>Arturo Vidal lanzar\u00e1 una serie documental titulada &#8220;King, Arturo Vidal en Primera Persona&#8221; en colaboraci\u00f3n con Pixi House Films, programada para estrenarse en 2026<\/b><!--more-->.<\/p>\n<p>La serie constar\u00e1 de cuatro cap\u00edtulos de entre 50 a 55 minutos y abordar\u00e1 la vida del futbolista desde su infancia hasta su regreso a Colo Colo.<\/p>\n<p>Dirigida por Germ\u00e1n Romet, la producci\u00f3n incluir\u00e1 testimonios de figuras internacionales y pretende ser un relato detallado y revelador.<\/p>\n<p>Aunque a\u00fan no se ha definido la plataforma de streaming, Vidal desmitificar\u00e1 algunos episodios de su vida con la participaci\u00f3n de compa\u00f1eros de equipo y allegados.<\/p>\n<p>La preproducci\u00f3n iniciar\u00e1 en Chile para luego trasladarse a Europa, donde podr\u00eda incluir la participaci\u00f3n de Lionel Messi y Luis Su\u00e1rez.<\/p>\n","protected":false},"excerpt":{"rendered":"<p>Arturo Vidal lanzar\u00e1 una serie documental titulada &#8220;King, Arturo Vidal en Primera Persona&#8221; en colaboraci\u00f3n con Pixi House Films, programada para estrenarse en 2026<\/p>\n","protected":false},"author":2,"featured_media":11675,"comment_status":"closed","ping_status":"open","sticky":false,"template":"","format":"standard","meta":{"_jetpack_memberships_contains_paid_content":false,"jnews-multi-image_gallery":[],"jnews_single_post":[],"jnews_primary_category":[],"jnews_social_meta":[],"jnews_paywall_metabox":[],"jnews_review":[],"enable_review":"","type":"","name":"","summary":"","brand":"","sku":"","good":[],"bad":[],"score_override":"","override_value":"","rating":[],"price":[],"jnews_override_counter":[],"jnews_post_split":[],"footnotes":""},"categories":[84],"tags":[],"class_list":["post-11676","post","type-post","status-publish","format-standard","has-post-thumbnail","hentry","category-deportes"],"jetpack_featured_media_url":"https:\/\/laserenaradio.cl\/web\/wp-content\/uploads\/2025\/02\/homepiaiextractoscrapimg_webpArturoVidalseriedocumentalKing_0.webp","jetpack_sharing_enabled":true,"_links":{"self":[{"href":"https:\/\/laserenaradio.cl\/web\/wp-json\/wp\/v2\/posts\/11676","targetHints":{"allow":["GET"]}}],"collection":[{"href":"https:\/\/laserenaradio.cl\/web\/wp-json\/wp\/v2\/posts"}],"about":[{"href":"https:\/\/laserenaradio.cl\/web\/wp-json\/wp\/v2\/types\/post"}],"author":[{"embeddable":true,"href":"https:\/\/laserenaradio.cl\/web\/wp-json\/wp\/v2\/users\/2"}],"replies":[{"embeddable":true,"href":"https:\/\/laserenaradio.cl\/web\/wp-json\/wp\/v2\/comments?post=11676"}],"version-history":[{"count":1,"href":"https:\/\/laserenaradio.cl\/web\/wp-json\/wp\/v2\/posts\/11676\/revisions"}],"predecessor-version":[{"id":11677,"href":"https:\/\/laserenaradio.cl\/web\/wp-json\/wp\/v2\/posts\/11676\/revisions\/11677"}],"wp:featuredmedia":[{"embeddable":true,"href":"https:\/\/laserenaradio.cl\/web\/wp-json\/wp\/v2\/media\/11675"}],"wp:attachment":[{"href":"https:\/\/laserenaradio.cl\/web\/wp-json\/wp\/v2\/media?parent=11676"}],"wp:term":[{"taxonomy":"category","embeddable":true,"href":"https:\/\/laserenaradio.cl\/web\/wp-json\/wp\/v2\/categories?post=11676"},{"taxonomy":"post_tag","embeddable":true,"href":"https:\/\/laserenaradio.cl\/web\/wp-json\/wp\/v2\/tags?post=11676"}],"curies":[{"name":"wp","href":"https:\/\/api.w.org\/{rel}","templated":true}]}}