{"id":11673,"date":"2025-02-14T14:39:12","date_gmt":"2025-02-14T17:39:12","guid":{"rendered":"https:\/\/laserenaradio.cl\/web\/?p=11673"},"modified":"2025-02-14T14:39:12","modified_gmt":"2025-02-14T17:39:12","slug":"mapuche-rechazan-imputaciones-de-toha-sobre-incendios-en-la-araucania","status":"publish","type":"post","link":"https:\/\/laserenaradio.cl\/web\/2025\/02\/14\/mapuche-rechazan-imputaciones-de-toha-sobre-incendios-en-la-araucania\/","title":{"rendered":"Mapuche rechazan imputaciones de Toh\u00e1 sobre incendios en La Araucan\u00eda"},"content":{"rendered":"<p><b>La coordinadora de territorios del Wallmapu rechaza las acusaciones de la ministra del Interior, Carolina Toh\u00e1, sobre una posible intencionalidad mapuche en los incendios forestales de La Araucan\u00eda<\/b><!--more-->.<\/p>\n<p>Jos\u00e9 Santos Millao, representante hist\u00f3rico de la organizaci\u00f3n, afirma que &#8220;no est\u00e1n vinculados con los incendios&#8221;.<\/p>\n<p>Asegura adem\u00e1s que el malestar radica en que no se les incluye en las coordinaciones oficiales y considera que la ra\u00edz del problema es el modelo econ\u00f3mico.<\/p>\n<p>Millao tambi\u00e9n critica la percepci\u00f3n estatal sobre sus miembros, acus\u00e1ndolos de delincuentes cuando, a su juicio, est\u00e1n resisti\u00e9ndose contra la explotaci\u00f3n de la naturaleza desde hace 500 a\u00f1os.<\/p>\n","protected":false},"excerpt":{"rendered":"<p>La coordinadora de territorios del Wallmapu rechaza las acusaciones de la ministra del Interior, Carolina Toh\u00e1, sobre una posible intencionalidad mapuche en los incendios forestales de La Araucan\u00eda<\/p>\n","protected":false},"author":2,"featured_media":11672,"comment_status":"closed","ping_status":"open","sticky":false,"template":"","format":"standard","meta":{"_jetpack_memberships_contains_paid_content":false,"jnews-multi-image_gallery":[],"jnews_single_post":[],"jnews_primary_category":[],"jnews_social_meta":[],"jnews_paywall_metabox":[],"jnews_review":[],"enable_review":"","type":"","name":"","summary":"","brand":"","sku":"","good":[],"bad":[],"score_override":"","override_value":"","rating":[],"price":[],"jnews_override_counter":[],"jnews_post_split":[],"footnotes":""},"categories":[21],"tags":[],"class_list":["post-11673","post","type-post","status-publish","format-standard","has-post-thumbnail","hentry","category-nacional"],"jetpack_featured_media_url":"https:\/\/laserenaradio.cl\/web\/wp-content\/uploads\/2025\/02\/homepiaiextractoscrapimg_webpMapucheToha_1.webp","jetpack_sharing_enabled":true,"_links":{"self":[{"href":"https:\/\/laserenaradio.cl\/web\/wp-json\/wp\/v2\/posts\/11673","targetHints":{"allow":["GET"]}}],"collection":[{"href":"https:\/\/laserenaradio.cl\/web\/wp-json\/wp\/v2\/posts"}],"about":[{"href":"https:\/\/laserenaradio.cl\/web\/wp-json\/wp\/v2\/types\/post"}],"author":[{"embeddable":true,"href":"https:\/\/laserenaradio.cl\/web\/wp-json\/wp\/v2\/users\/2"}],"replies":[{"embeddable":true,"href":"https:\/\/laserenaradio.cl\/web\/wp-json\/wp\/v2\/comments?post=11673"}],"version-history":[{"count":1,"href":"https:\/\/laserenaradio.cl\/web\/wp-json\/wp\/v2\/posts\/11673\/revisions"}],"predecessor-version":[{"id":11674,"href":"https:\/\/laserenaradio.cl\/web\/wp-json\/wp\/v2\/posts\/11673\/revisions\/11674"}],"wp:featuredmedia":[{"embeddable":true,"href":"https:\/\/laserenaradio.cl\/web\/wp-json\/wp\/v2\/media\/11672"}],"wp:attachment":[{"href":"https:\/\/laserenaradio.cl\/web\/wp-json\/wp\/v2\/media?parent=11673"}],"wp:term":[{"taxonomy":"category","embeddable":true,"href":"https:\/\/laserenaradio.cl\/web\/wp-json\/wp\/v2\/categories?post=11673"},{"taxonomy":"post_tag","embeddable":true,"href":"https:\/\/laserenaradio.cl\/web\/wp-json\/wp\/v2\/tags?post=11673"}],"curies":[{"name":"wp","href":"https:\/\/api.w.org\/{rel}","templated":true}]}}