{"id":11670,"date":"2025-02-14T14:32:57","date_gmt":"2025-02-14T17:32:57","guid":{"rendered":"https:\/\/laserenaradio.cl\/web\/?p=11670"},"modified":"2025-02-14T14:32:57","modified_gmt":"2025-02-14T17:32:57","slug":"parlamentarios-del-partido-comunista-exigen-justicia-por-los-enfrentamientos-del-estallido-social","status":"publish","type":"post","link":"https:\/\/laserenaradio.cl\/web\/2025\/02\/14\/parlamentarios-del-partido-comunista-exigen-justicia-por-los-enfrentamientos-del-estallido-social\/","title":{"rendered":"Parlamentarios del Partido Comunista exigen justicia por los &#8220;enfrentamientos&#8221; del estallido social"},"content":{"rendered":"<p><b>Los parlamentarios comunistas reaccionaron con fuerza a las declaraciones del ministro de Justicia, Jaime Gajardo, quien sugiri\u00f3 que respaldar a los manifestantes no es una buena idea<\/b><!--more-->.<\/p>\n<p>La diputada Lorena Pizarro critic\u00f3 estas palabras, afirmando que la violaci\u00f3n sistem\u00e1tica de derechos humanos debe ser abordada y que se requiere un cambio en la forma de gobernanza para evitar futuros estallidos sociales.<\/p>\n<p>Tambi\u00e9n subray\u00f3 las consecuencias de estos incidentes sobre los j\u00f3venes vulnerables.<\/p>\n<p>Nathalie Castillo, otra diputada comunista, argument\u00f3 que debatir sobre qui\u00e9nes participaron en las protestas no resolver\u00e1 la desigualdad social y propuso avanzar con leyes de reparaci\u00f3n en lugar de discutir este tema.<\/p>\n<p>Mat\u00edas Ram\u00edrez inst\u00f3 a enfocarse en acciones concretas para aquellos que sufrieron violencia institucional, mencionando casos extremos como j\u00f3venes que han perdido la vida esperando justicia.<\/p>\n","protected":false},"excerpt":{"rendered":"<p>Los parlamentarios comunistas reaccionaron con fuerza a las declaraciones del ministro de Justicia, Jaime Gajardo, quien sugiri\u00f3 que respaldar a los manifestantes no es una buena idea<\/p>\n","protected":false},"author":2,"featured_media":9077,"comment_status":"closed","ping_status":"open","sticky":false,"template":"","format":"standard","meta":{"_jetpack_memberships_contains_paid_content":false,"jnews-multi-image_gallery":[],"jnews_single_post":[],"jnews_primary_category":[],"jnews_social_meta":[],"jnews_paywall_metabox":[],"jnews_review":[],"enable_review":"","type":"","name":"","summary":"","brand":"","sku":"","good":[],"bad":[],"score_override":"","override_value":"","rating":[],"price":[],"jnews_override_counter":[],"jnews_post_split":[],"footnotes":""},"categories":[83],"tags":[],"class_list":["post-11670","post","type-post","status-publish","format-standard","has-post-thumbnail","hentry","category-politica"],"jetpack_featured_media_url":"https:\/\/laserenaradio.cl\/web\/wp-content\/uploads\/2024\/12\/laserenaradio_politica.webp","jetpack_sharing_enabled":true,"_links":{"self":[{"href":"https:\/\/laserenaradio.cl\/web\/wp-json\/wp\/v2\/posts\/11670","targetHints":{"allow":["GET"]}}],"collection":[{"href":"https:\/\/laserenaradio.cl\/web\/wp-json\/wp\/v2\/posts"}],"about":[{"href":"https:\/\/laserenaradio.cl\/web\/wp-json\/wp\/v2\/types\/post"}],"author":[{"embeddable":true,"href":"https:\/\/laserenaradio.cl\/web\/wp-json\/wp\/v2\/users\/2"}],"replies":[{"embeddable":true,"href":"https:\/\/laserenaradio.cl\/web\/wp-json\/wp\/v2\/comments?post=11670"}],"version-history":[{"count":1,"href":"https:\/\/laserenaradio.cl\/web\/wp-json\/wp\/v2\/posts\/11670\/revisions"}],"predecessor-version":[{"id":11671,"href":"https:\/\/laserenaradio.cl\/web\/wp-json\/wp\/v2\/posts\/11670\/revisions\/11671"}],"wp:featuredmedia":[{"embeddable":true,"href":"https:\/\/laserenaradio.cl\/web\/wp-json\/wp\/v2\/media\/9077"}],"wp:attachment":[{"href":"https:\/\/laserenaradio.cl\/web\/wp-json\/wp\/v2\/media?parent=11670"}],"wp:term":[{"taxonomy":"category","embeddable":true,"href":"https:\/\/laserenaradio.cl\/web\/wp-json\/wp\/v2\/categories?post=11670"},{"taxonomy":"post_tag","embeddable":true,"href":"https:\/\/laserenaradio.cl\/web\/wp-json\/wp\/v2\/tags?post=11670"}],"curies":[{"name":"wp","href":"https:\/\/api.w.org\/{rel}","templated":true}]}}