{"id":11668,"date":"2025-02-14T14:22:23","date_gmt":"2025-02-14T17:22:23","guid":{"rendered":"https:\/\/laserenaradio.cl\/web\/?p=11668"},"modified":"2025-02-14T14:22:23","modified_gmt":"2025-02-14T17:22:23","slug":"arturo-vidal-le-envia-un-mensaje-a-damian-pizarro","status":"publish","type":"post","link":"https:\/\/laserenaradio.cl\/web\/2025\/02\/14\/arturo-vidal-le-envia-un-mensaje-a-damian-pizarro\/","title":{"rendered":"Arturo Vidal le env\u00eda un mensaje a Dami\u00e1n Pizarro"},"content":{"rendered":"<p><b>Arturo Vidal, exjugador de equipos como Barcelona y Inter de Mil\u00e1n, ofreci\u00f3 comentarios sobre la situaci\u00f3n del delantero chileno Dami\u00e1n Pizarro durante el Sudamericano Sub-20<\/b><!--more-->.<\/p>\n<p>Pizarro, jugador de Udinese y ex Colo Colo, ha tenido dificultades marcando goles en este torneo.<\/p>\n<p>Vidal, a trav\u00e9s de su canal Kick, anim\u00f3 a Pizarro a fortalecerse y expres\u00f3 que ser\u00e1 entrenador de la selecci\u00f3n si Dios quiere, prometiendo ayudar al jugador con confianza y t\u00e9cnica para revertir esta situaci\u00f3n.<\/p>\n<p>Seg\u00fan Vidal, Pizarro est\u00e1 bien en Italia pero necesita superar un cambio de equipo y mejorar su confianza.<\/p>\n","protected":false},"excerpt":{"rendered":"<p>Arturo Vidal, exjugador de equipos como Barcelona y Inter de Mil\u00e1n, ofreci\u00f3 comentarios sobre la situaci\u00f3n del delantero chileno Dami\u00e1n Pizarro durante el Sudamericano Sub-20<\/p>\n","protected":false},"author":2,"featured_media":11667,"comment_status":"closed","ping_status":"open","sticky":false,"template":"","format":"standard","meta":{"_jetpack_memberships_contains_paid_content":false,"jnews-multi-image_gallery":[],"jnews_single_post":[],"jnews_primary_category":[],"jnews_social_meta":[],"jnews_paywall_metabox":[],"jnews_review":[],"enable_review":"","type":"","name":"","summary":"","brand":"","sku":"","good":[],"bad":[],"score_override":"","override_value":"","rating":[],"price":[],"jnews_override_counter":[],"jnews_post_split":[],"footnotes":""},"categories":[84],"tags":[],"class_list":["post-11668","post","type-post","status-publish","format-standard","has-post-thumbnail","hentry","category-deportes"],"jetpack_featured_media_url":"https:\/\/laserenaradio.cl\/web\/wp-content\/uploads\/2025\/02\/homepiaiextractoscrapimg_webpPizarroArturoVidaljugadorVidal_1.webp","jetpack_sharing_enabled":true,"_links":{"self":[{"href":"https:\/\/laserenaradio.cl\/web\/wp-json\/wp\/v2\/posts\/11668","targetHints":{"allow":["GET"]}}],"collection":[{"href":"https:\/\/laserenaradio.cl\/web\/wp-json\/wp\/v2\/posts"}],"about":[{"href":"https:\/\/laserenaradio.cl\/web\/wp-json\/wp\/v2\/types\/post"}],"author":[{"embeddable":true,"href":"https:\/\/laserenaradio.cl\/web\/wp-json\/wp\/v2\/users\/2"}],"replies":[{"embeddable":true,"href":"https:\/\/laserenaradio.cl\/web\/wp-json\/wp\/v2\/comments?post=11668"}],"version-history":[{"count":1,"href":"https:\/\/laserenaradio.cl\/web\/wp-json\/wp\/v2\/posts\/11668\/revisions"}],"predecessor-version":[{"id":11669,"href":"https:\/\/laserenaradio.cl\/web\/wp-json\/wp\/v2\/posts\/11668\/revisions\/11669"}],"wp:featuredmedia":[{"embeddable":true,"href":"https:\/\/laserenaradio.cl\/web\/wp-json\/wp\/v2\/media\/11667"}],"wp:attachment":[{"href":"https:\/\/laserenaradio.cl\/web\/wp-json\/wp\/v2\/media?parent=11668"}],"wp:term":[{"taxonomy":"category","embeddable":true,"href":"https:\/\/laserenaradio.cl\/web\/wp-json\/wp\/v2\/categories?post=11668"},{"taxonomy":"post_tag","embeddable":true,"href":"https:\/\/laserenaradio.cl\/web\/wp-json\/wp\/v2\/tags?post=11668"}],"curies":[{"name":"wp","href":"https:\/\/api.w.org\/{rel}","templated":true}]}}