{"id":11665,"date":"2025-02-14T13:11:21","date_gmt":"2025-02-14T16:11:21","guid":{"rendered":"https:\/\/laserenaradio.cl\/web\/?p=11665"},"modified":"2025-02-14T13:11:21","modified_gmt":"2025-02-14T16:11:21","slug":"el-mundo-agricola-nacional-enfrenta-altas-temperaturas-historicas-que-superan-los-40-grados","status":"publish","type":"post","link":"https:\/\/laserenaradio.cl\/web\/2025\/02\/14\/el-mundo-agricola-nacional-enfrenta-altas-temperaturas-historicas-que-superan-los-40-grados\/","title":{"rendered":"El mundo agr\u00edcola nacional enfrenta altas temperaturas hist\u00f3ricas que superan los 40 grados"},"content":{"rendered":"<p><b>El clima extremo, con temperaturas superando los 40 grados, afecta la producci\u00f3n agr\u00edcola y aumenta el riesgo de incendios forestales<\/b><!--more-->.<\/p>\n<p>A pesar de la tranquilidad reportada por gremios como Fedefruta, se advierten medidas urgentes.<\/p>\n<p>El presidente de Fedefruta, V\u00edctor Cat\u00e1n, destaca la importancia de un manejo eficaz del fuego durante la noche y la necesidad de una legislaci\u00f3n robusta para prevenir incendios.<\/p>\n<p>Se llama a Conaf para mejorar las acciones de combate nocturno y se reconoce el apoyo de los trabajadores en tierra.<\/p>\n<p>La industria agr\u00edcola no ha experimentado riesgos significativos para la producci\u00f3n de alimentos, pero s\u00ed para el frutal debido al humo.<\/p>\n","protected":false},"excerpt":{"rendered":"<p>El clima extremo, con temperaturas superando los 40 grados, afecta la producci\u00f3n agr\u00edcola y aumenta el riesgo de incendios forestales<\/p>\n","protected":false},"author":2,"featured_media":11664,"comment_status":"closed","ping_status":"open","sticky":false,"template":"","format":"standard","meta":{"_jetpack_memberships_contains_paid_content":false,"jnews-multi-image_gallery":[],"jnews_single_post":[],"jnews_primary_category":[],"jnews_social_meta":[],"jnews_paywall_metabox":[],"jnews_review":[],"enable_review":"","type":"","name":"","summary":"","brand":"","sku":"","good":[],"bad":[],"score_override":"","override_value":"","rating":[],"price":[],"jnews_override_counter":[],"jnews_post_split":[],"footnotes":""},"categories":[21],"tags":[],"class_list":["post-11665","post","type-post","status-publish","format-standard","has-post-thumbnail","hentry","category-nacional"],"jetpack_featured_media_url":"https:\/\/laserenaradio.cl\/web\/wp-content\/uploads\/2025\/02\/homepiaiextractoscrapimg_webpincendiostemperaturas_1.webp","jetpack_sharing_enabled":true,"_links":{"self":[{"href":"https:\/\/laserenaradio.cl\/web\/wp-json\/wp\/v2\/posts\/11665","targetHints":{"allow":["GET"]}}],"collection":[{"href":"https:\/\/laserenaradio.cl\/web\/wp-json\/wp\/v2\/posts"}],"about":[{"href":"https:\/\/laserenaradio.cl\/web\/wp-json\/wp\/v2\/types\/post"}],"author":[{"embeddable":true,"href":"https:\/\/laserenaradio.cl\/web\/wp-json\/wp\/v2\/users\/2"}],"replies":[{"embeddable":true,"href":"https:\/\/laserenaradio.cl\/web\/wp-json\/wp\/v2\/comments?post=11665"}],"version-history":[{"count":1,"href":"https:\/\/laserenaradio.cl\/web\/wp-json\/wp\/v2\/posts\/11665\/revisions"}],"predecessor-version":[{"id":11666,"href":"https:\/\/laserenaradio.cl\/web\/wp-json\/wp\/v2\/posts\/11665\/revisions\/11666"}],"wp:featuredmedia":[{"embeddable":true,"href":"https:\/\/laserenaradio.cl\/web\/wp-json\/wp\/v2\/media\/11664"}],"wp:attachment":[{"href":"https:\/\/laserenaradio.cl\/web\/wp-json\/wp\/v2\/media?parent=11665"}],"wp:term":[{"taxonomy":"category","embeddable":true,"href":"https:\/\/laserenaradio.cl\/web\/wp-json\/wp\/v2\/categories?post=11665"},{"taxonomy":"post_tag","embeddable":true,"href":"https:\/\/laserenaradio.cl\/web\/wp-json\/wp\/v2\/tags?post=11665"}],"curies":[{"name":"wp","href":"https:\/\/api.w.org\/{rel}","templated":true}]}}