{"id":11662,"date":"2025-02-14T13:08:09","date_gmt":"2025-02-14T16:08:09","guid":{"rendered":"https:\/\/laserenaradio.cl\/web\/?p=11662"},"modified":"2025-02-14T13:08:09","modified_gmt":"2025-02-14T16:08:09","slug":"reclaman-suspension-de-sueldo-a-parlamentarios-con-procesos-penales-en-curso","status":"publish","type":"post","link":"https:\/\/laserenaradio.cl\/web\/2025\/02\/14\/reclaman-suspension-de-sueldo-a-parlamentarios-con-procesos-penales-en-curso\/","title":{"rendered":"Reclaman suspensi\u00f3n de sueldo a parlamentarios con procesos penales en curso"},"content":{"rendered":"<p><b>El diputado Diego Ib\u00e1\u00f1ez del Frente Amplio ha solicitado al Ejecutivo dar urgencia al proyecto de ley que suspende el sueldo de los parlamentarios desaforados por procesos penales<\/b><!--more-->.<\/p>\n<p>Seg\u00fan Ib\u00e1\u00f1ez, los desaforados no pueden ejercer sus funciones y deben renunciar a la dieta parlamentaria mientras est\u00e1n siendo investigados.<\/p>\n<p>Hay dos iniciativas sobre este tema en la C\u00e1mara de Diputados.<\/p>\n<p>Ib\u00e1\u00f1ez considera que no es apropiado que los desaforados reciban recursos del fisco para su defensa legal, destacando que el diputado Mauricio Ojeda y otros est\u00e1n actualmente desaforados.<\/p>\n","protected":false},"excerpt":{"rendered":"<p>El diputado Diego Ib\u00e1\u00f1ez del Frente Amplio ha solicitado al Ejecutivo dar urgencia al proyecto de ley que suspende el sueldo de los parlamentarios desaforados por procesos penales<\/p>\n","protected":false},"author":2,"featured_media":9077,"comment_status":"closed","ping_status":"open","sticky":false,"template":"","format":"standard","meta":{"_jetpack_memberships_contains_paid_content":false,"jnews-multi-image_gallery":[],"jnews_single_post":[],"jnews_primary_category":[],"jnews_social_meta":[],"jnews_paywall_metabox":[],"jnews_review":[],"enable_review":"","type":"","name":"","summary":"","brand":"","sku":"","good":[],"bad":[],"score_override":"","override_value":"","rating":[],"price":[],"jnews_override_counter":[],"jnews_post_split":[],"footnotes":""},"categories":[83],"tags":[],"class_list":["post-11662","post","type-post","status-publish","format-standard","has-post-thumbnail","hentry","category-politica"],"jetpack_featured_media_url":"https:\/\/laserenaradio.cl\/web\/wp-content\/uploads\/2024\/12\/laserenaradio_politica.webp","jetpack_sharing_enabled":true,"_links":{"self":[{"href":"https:\/\/laserenaradio.cl\/web\/wp-json\/wp\/v2\/posts\/11662","targetHints":{"allow":["GET"]}}],"collection":[{"href":"https:\/\/laserenaradio.cl\/web\/wp-json\/wp\/v2\/posts"}],"about":[{"href":"https:\/\/laserenaradio.cl\/web\/wp-json\/wp\/v2\/types\/post"}],"author":[{"embeddable":true,"href":"https:\/\/laserenaradio.cl\/web\/wp-json\/wp\/v2\/users\/2"}],"replies":[{"embeddable":true,"href":"https:\/\/laserenaradio.cl\/web\/wp-json\/wp\/v2\/comments?post=11662"}],"version-history":[{"count":1,"href":"https:\/\/laserenaradio.cl\/web\/wp-json\/wp\/v2\/posts\/11662\/revisions"}],"predecessor-version":[{"id":11663,"href":"https:\/\/laserenaradio.cl\/web\/wp-json\/wp\/v2\/posts\/11662\/revisions\/11663"}],"wp:featuredmedia":[{"embeddable":true,"href":"https:\/\/laserenaradio.cl\/web\/wp-json\/wp\/v2\/media\/9077"}],"wp:attachment":[{"href":"https:\/\/laserenaradio.cl\/web\/wp-json\/wp\/v2\/media?parent=11662"}],"wp:term":[{"taxonomy":"category","embeddable":true,"href":"https:\/\/laserenaradio.cl\/web\/wp-json\/wp\/v2\/categories?post=11662"},{"taxonomy":"post_tag","embeddable":true,"href":"https:\/\/laserenaradio.cl\/web\/wp-json\/wp\/v2\/tags?post=11662"}],"curies":[{"name":"wp","href":"https:\/\/api.w.org\/{rel}","templated":true}]}}