{"id":11657,"date":"2025-02-14T11:43:53","date_gmt":"2025-02-14T14:43:53","guid":{"rendered":"https:\/\/laserenaradio.cl\/web\/?p=11657"},"modified":"2025-02-14T11:43:53","modified_gmt":"2025-02-14T14:43:53","slug":"fallecio-una-adolescente-de-14-anos-tras-ser-rescatada-en-estado-critico-por-un-helicoptero-naval-en-quintero","status":"publish","type":"post","link":"https:\/\/laserenaradio.cl\/web\/2025\/02\/14\/fallecio-una-adolescente-de-14-anos-tras-ser-rescatada-en-estado-critico-por-un-helicoptero-naval-en-quintero\/","title":{"rendered":"Falleci\u00f3 una adolescente de 14 a\u00f1os tras ser rescatada en estado cr\u00edtico por un helic\u00f3ptero naval en Quintero"},"content":{"rendered":"<p><b>Una adolescente argentina de 14 a\u00f1os muri\u00f3 en el Hospital Dr. Gustavo Fricke de Vi\u00f1a del Mar despu\u00e9s de ser rescatada por un helic\u00f3ptero naval en una playa no apta para ba\u00f1o en Quintero, regi\u00f3n de Valpara\u00edso.<br \/>\n<\/b><!--more-->.<\/p>\n<p>La emergencia ocurri\u00f3 cerca de Mantagua y Ritoque; la menor se encontraba en peligro junto a otros dos personas, familiares suyos.<\/p>\n<p>A pesar del rescate cr\u00edtico, el fallecimiento fue confirmado en el hospital.<\/p>\n<p>El Capit\u00e1n de Puerto de Quintero inform\u00f3 sobre las medidas adoptadas para esta temporada, incluyendo avisos y patrullajes.<\/p>\n<p>La Brigada de Homicidios de la <a href=\"https:\/\/www.pdichile.cl\/\">PDI<\/a> se encargar\u00e1 del procedimiento.<\/p>\n","protected":false},"excerpt":{"rendered":"<p>Una adolescente argentina de 14 a\u00f1os muri\u00f3 en el Hospital Dr. Gustavo Fricke de Vi\u00f1a del Mar despu\u00e9s de ser rescatada por un helic\u00f3ptero naval en una playa no apta para ba\u00f1o en Quintero, regi\u00f3n de Valpara\u00edso.<\/p>\n","protected":false},"author":2,"featured_media":11656,"comment_status":"closed","ping_status":"open","sticky":false,"template":"","format":"standard","meta":{"_jetpack_memberships_contains_paid_content":false,"jnews-multi-image_gallery":[],"jnews_single_post":[],"jnews_primary_category":[],"jnews_social_meta":[],"jnews_paywall_metabox":[],"jnews_review":[],"enable_review":"","type":"","name":"","summary":"","brand":"","sku":"","good":[],"bad":[],"score_override":"","override_value":"","rating":[],"price":[],"jnews_override_counter":[],"jnews_post_split":[],"footnotes":""},"categories":[21],"tags":[],"class_list":["post-11657","post","type-post","status-publish","format-standard","has-post-thumbnail","hentry","category-nacional"],"jetpack_featured_media_url":"https:\/\/laserenaradio.cl\/web\/wp-content\/uploads\/2025\/02\/homepiaiextractoscrapimg_webpFallecioQuintero_1.webp","jetpack_sharing_enabled":true,"_links":{"self":[{"href":"https:\/\/laserenaradio.cl\/web\/wp-json\/wp\/v2\/posts\/11657","targetHints":{"allow":["GET"]}}],"collection":[{"href":"https:\/\/laserenaradio.cl\/web\/wp-json\/wp\/v2\/posts"}],"about":[{"href":"https:\/\/laserenaradio.cl\/web\/wp-json\/wp\/v2\/types\/post"}],"author":[{"embeddable":true,"href":"https:\/\/laserenaradio.cl\/web\/wp-json\/wp\/v2\/users\/2"}],"replies":[{"embeddable":true,"href":"https:\/\/laserenaradio.cl\/web\/wp-json\/wp\/v2\/comments?post=11657"}],"version-history":[{"count":1,"href":"https:\/\/laserenaradio.cl\/web\/wp-json\/wp\/v2\/posts\/11657\/revisions"}],"predecessor-version":[{"id":11658,"href":"https:\/\/laserenaradio.cl\/web\/wp-json\/wp\/v2\/posts\/11657\/revisions\/11658"}],"wp:featuredmedia":[{"embeddable":true,"href":"https:\/\/laserenaradio.cl\/web\/wp-json\/wp\/v2\/media\/11656"}],"wp:attachment":[{"href":"https:\/\/laserenaradio.cl\/web\/wp-json\/wp\/v2\/media?parent=11657"}],"wp:term":[{"taxonomy":"category","embeddable":true,"href":"https:\/\/laserenaradio.cl\/web\/wp-json\/wp\/v2\/categories?post=11657"},{"taxonomy":"post_tag","embeddable":true,"href":"https:\/\/laserenaradio.cl\/web\/wp-json\/wp\/v2\/tags?post=11657"}],"curies":[{"name":"wp","href":"https:\/\/api.w.org\/{rel}","templated":true}]}}