{"id":11654,"date":"2025-02-14T11:40:29","date_gmt":"2025-02-14T14:40:29","guid":{"rendered":"https:\/\/laserenaradio.cl\/web\/?p=11654"},"modified":"2025-02-14T11:40:29","modified_gmt":"2025-02-14T14:40:29","slug":"asesinato-de-una-joven-por-su-expareja-es-el-quinto-femicidio-consumado-en-chile-en-lo-que-va-del-ano","status":"publish","type":"post","link":"https:\/\/laserenaradio.cl\/web\/2025\/02\/14\/asesinato-de-una-joven-por-su-expareja-es-el-quinto-femicidio-consumado-en-chile-en-lo-que-va-del-ano\/","title":{"rendered":"Asesinato de una joven por su expareja es el quinto femicidio consumado en Chile en lo que va del a\u00f1o"},"content":{"rendered":"<p><b>Una mujer chilena de 28 a\u00f1os fue asesinada a balazos por su expareja en Olmu\u00e9, regi\u00f3n de Valpara\u00edso<\/b><!--more-->.<\/p>\n<p>El crimen se descubri\u00f3 cuando la v\u00edctima ingres\u00f3 sin signos vitales al Cesfam local.<\/p>\n<p>La Polic\u00eda de Investigaciones y el Laboratorio de Criminal\u00edstica llegaron al sitio del suceso, una caba\u00f1a de veraneo, donde encontraron evidencias.<\/p>\n<p>Se estableci\u00f3 que durante la noche, el agresor lleg\u00f3 a la terraza donde la v\u00edctima se encontraba con su familia, le dispar\u00f3 m\u00faltiples veces y luego intent\u00f3 suicidarse. El sujeto muri\u00f3 m\u00e1s tarde en un recinto asistencial.<\/p>\n<p>Hasta la fecha se han registrado 5 femicidios consumados y 16 frustrados en Chile seg\u00fan Sernameg.<\/p>\n","protected":false},"excerpt":{"rendered":"<p>Una mujer chilena de 28 a\u00f1os fue asesinada a balazos por su expareja en Olmu\u00e9, regi\u00f3n de Valpara\u00edso<\/p>\n","protected":false},"author":2,"featured_media":9078,"comment_status":"closed","ping_status":"open","sticky":false,"template":"","format":"standard","meta":{"_jetpack_memberships_contains_paid_content":false,"jnews-multi-image_gallery":[],"jnews_single_post":[],"jnews_primary_category":[],"jnews_social_meta":[],"jnews_paywall_metabox":[],"jnews_review":[],"enable_review":"","type":"","name":"","summary":"","brand":"","sku":"","good":[],"bad":[],"score_override":"","override_value":"","rating":[],"price":[],"jnews_override_counter":[],"jnews_post_split":[],"footnotes":""},"categories":[21],"tags":[],"class_list":["post-11654","post","type-post","status-publish","format-standard","has-post-thumbnail","hentry","category-nacional"],"jetpack_featured_media_url":"https:\/\/laserenaradio.cl\/web\/wp-content\/uploads\/2024\/12\/laserenaradio_ultimo_minuto.webp","jetpack_sharing_enabled":true,"_links":{"self":[{"href":"https:\/\/laserenaradio.cl\/web\/wp-json\/wp\/v2\/posts\/11654","targetHints":{"allow":["GET"]}}],"collection":[{"href":"https:\/\/laserenaradio.cl\/web\/wp-json\/wp\/v2\/posts"}],"about":[{"href":"https:\/\/laserenaradio.cl\/web\/wp-json\/wp\/v2\/types\/post"}],"author":[{"embeddable":true,"href":"https:\/\/laserenaradio.cl\/web\/wp-json\/wp\/v2\/users\/2"}],"replies":[{"embeddable":true,"href":"https:\/\/laserenaradio.cl\/web\/wp-json\/wp\/v2\/comments?post=11654"}],"version-history":[{"count":1,"href":"https:\/\/laserenaradio.cl\/web\/wp-json\/wp\/v2\/posts\/11654\/revisions"}],"predecessor-version":[{"id":11655,"href":"https:\/\/laserenaradio.cl\/web\/wp-json\/wp\/v2\/posts\/11654\/revisions\/11655"}],"wp:featuredmedia":[{"embeddable":true,"href":"https:\/\/laserenaradio.cl\/web\/wp-json\/wp\/v2\/media\/9078"}],"wp:attachment":[{"href":"https:\/\/laserenaradio.cl\/web\/wp-json\/wp\/v2\/media?parent=11654"}],"wp:term":[{"taxonomy":"category","embeddable":true,"href":"https:\/\/laserenaradio.cl\/web\/wp-json\/wp\/v2\/categories?post=11654"},{"taxonomy":"post_tag","embeddable":true,"href":"https:\/\/laserenaradio.cl\/web\/wp-json\/wp\/v2\/tags?post=11654"}],"curies":[{"name":"wp","href":"https:\/\/api.w.org\/{rel}","templated":true}]}}