{"id":11652,"date":"2025-02-14T11:38:12","date_gmt":"2025-02-14T14:38:12","guid":{"rendered":"https:\/\/laserenaradio.cl\/web\/?p=11652"},"modified":"2025-02-14T11:38:12","modified_gmt":"2025-02-14T14:38:12","slug":"juan-roman-riquelme-presidente-de-boca-juniors-revelo-cuando-quedo-encantado-con-el-futbol-de-carlos-palacios","status":"publish","type":"post","link":"https:\/\/laserenaradio.cl\/web\/2025\/02\/14\/juan-roman-riquelme-presidente-de-boca-juniors-revelo-cuando-quedo-encantado-con-el-futbol-de-carlos-palacios\/","title":{"rendered":"Juan Rom\u00e1n Riquelme, presidente de Boca Juniors, revel\u00f3 cu\u00e1ndo qued\u00f3 encantado con el f\u00fatbol de Carlos Palacios"},"content":{"rendered":"<p><b>Carlos Palacios ha destacado r\u00e1pidamente en Boca Juniors con su rendimiento sobre el campo, incluyendo su primer gol frente a Hurac\u00e1n<\/b><!--more-->.<\/p>\n<p>Juan Rom\u00e1n Riquelme, presidente del club, explica que qued\u00f3 muy impresionado con \u00e9l durante un partido de Boca contra Colo Colo en 2023, destacando sus habilidades ofensivas y pasos t\u00e1cticos.<\/p>\n<p>Palacios fue internado temporalmente por gastroenteritis pero ya ha sido dado de alta.<\/p>\n<p>El jugador est\u00e1 programado para volver a la cancha en el pr\u00f3ximo partido del Torneo de Apertura argentino contra Banfield (20:00 horas).<\/p>\n","protected":false},"excerpt":{"rendered":"<p>Carlos Palacios ha destacado r\u00e1pidamente en Boca Juniors con su rendimiento sobre el campo, incluyendo su primer gol frente a Hurac\u00e1n<\/p>\n","protected":false},"author":2,"featured_media":11651,"comment_status":"closed","ping_status":"open","sticky":false,"template":"","format":"standard","meta":{"_jetpack_memberships_contains_paid_content":false,"jnews-multi-image_gallery":[],"jnews_single_post":[],"jnews_primary_category":[],"jnews_social_meta":[],"jnews_paywall_metabox":[],"jnews_review":[],"enable_review":"","type":"","name":"","summary":"","brand":"","sku":"","good":[],"bad":[],"score_override":"","override_value":"","rating":[],"price":[],"jnews_override_counter":[],"jnews_post_split":[],"footnotes":""},"categories":[84],"tags":[],"class_list":["post-11652","post","type-post","status-publish","format-standard","has-post-thumbnail","hentry","category-deportes"],"jetpack_featured_media_url":"https:\/\/laserenaradio.cl\/web\/wp-content\/uploads\/2025\/02\/homepiaiextractoscrapimg_webpCarlosPalaciosBocaJuniorsJuanRiquelme_1.webp","jetpack_sharing_enabled":true,"_links":{"self":[{"href":"https:\/\/laserenaradio.cl\/web\/wp-json\/wp\/v2\/posts\/11652","targetHints":{"allow":["GET"]}}],"collection":[{"href":"https:\/\/laserenaradio.cl\/web\/wp-json\/wp\/v2\/posts"}],"about":[{"href":"https:\/\/laserenaradio.cl\/web\/wp-json\/wp\/v2\/types\/post"}],"author":[{"embeddable":true,"href":"https:\/\/laserenaradio.cl\/web\/wp-json\/wp\/v2\/users\/2"}],"replies":[{"embeddable":true,"href":"https:\/\/laserenaradio.cl\/web\/wp-json\/wp\/v2\/comments?post=11652"}],"version-history":[{"count":1,"href":"https:\/\/laserenaradio.cl\/web\/wp-json\/wp\/v2\/posts\/11652\/revisions"}],"predecessor-version":[{"id":11653,"href":"https:\/\/laserenaradio.cl\/web\/wp-json\/wp\/v2\/posts\/11652\/revisions\/11653"}],"wp:featuredmedia":[{"embeddable":true,"href":"https:\/\/laserenaradio.cl\/web\/wp-json\/wp\/v2\/media\/11651"}],"wp:attachment":[{"href":"https:\/\/laserenaradio.cl\/web\/wp-json\/wp\/v2\/media?parent=11652"}],"wp:term":[{"taxonomy":"category","embeddable":true,"href":"https:\/\/laserenaradio.cl\/web\/wp-json\/wp\/v2\/categories?post=11652"},{"taxonomy":"post_tag","embeddable":true,"href":"https:\/\/laserenaradio.cl\/web\/wp-json\/wp\/v2\/tags?post=11652"}],"curies":[{"name":"wp","href":"https:\/\/api.w.org\/{rel}","templated":true}]}}