{"id":11649,"date":"2025-02-14T11:36:12","date_gmt":"2025-02-14T14:36:12","guid":{"rendered":"https:\/\/laserenaradio.cl\/web\/?p=11649"},"modified":"2025-02-14T11:36:12","modified_gmt":"2025-02-14T14:36:12","slug":"el-caso-sqm-a-dos-anos-de-juicio-sin-veredicto","status":"publish","type":"post","link":"https:\/\/laserenaradio.cl\/web\/2025\/02\/14\/el-caso-sqm-a-dos-anos-de-juicio-sin-veredicto\/","title":{"rendered":"El caso SQM: a dos a\u00f1os de juicio sin veredicto"},"content":{"rendered":"<p><b>El caso SQM, iniciado hace 10 a\u00f1os y arrastr\u00e1ndose por casi dos a\u00f1os de juicio, ha generado cr\u00edticas a la dilaci\u00f3n del proceso judicial<\/b><!--more-->.<\/p>\n<p>La investigaci\u00f3n, originada en 2014 por el Ministerio P\u00fablico, implic\u00f3 a figuras pol\u00edticas importantes y acus\u00f3 a SQM, una empresa controlada por Julio Ponce Lerou, de haber pagado ilegalmente m\u00e1s de 14 millones de d\u00f3lares entre 2009 y 2014 para financiar campa\u00f1as pol\u00edticas.<\/p>\n<p>Abogados defensores han denunciado posibles vulneraciones a los derechos de sus clientes debido al retraso en el proceso, mientras que expertos advierten sobre la sobrecarga de trabajo judicial sin recursos adecuados.<\/p>\n<p>A pesar de estas cr\u00edticas, se espera que el juicio termine cerca del mes de mayo y que se emita un veredicto entre junio y julio del mismo a\u00f1o.<\/p>\n","protected":false},"excerpt":{"rendered":"<p>El caso SQM, iniciado hace 10 a\u00f1os y arrastr\u00e1ndose por casi dos a\u00f1os de juicio, ha generado cr\u00edticas a la dilaci\u00f3n del proceso judicial<\/p>\n","protected":false},"author":2,"featured_media":9076,"comment_status":"closed","ping_status":"open","sticky":false,"template":"","format":"standard","meta":{"_jetpack_memberships_contains_paid_content":false,"jnews-multi-image_gallery":[],"jnews_single_post":[],"jnews_primary_category":[],"jnews_social_meta":[],"jnews_paywall_metabox":[],"jnews_review":[],"enable_review":"","type":"","name":"","summary":"","brand":"","sku":"","good":[],"bad":[],"score_override":"","override_value":"","rating":[],"price":[],"jnews_override_counter":[],"jnews_post_split":[],"footnotes":""},"categories":[21],"tags":[],"class_list":["post-11649","post","type-post","status-publish","format-standard","has-post-thumbnail","hentry","category-nacional"],"jetpack_featured_media_url":"https:\/\/laserenaradio.cl\/web\/wp-content\/uploads\/2024\/12\/laserenaradio_nacional.webp","jetpack_sharing_enabled":true,"_links":{"self":[{"href":"https:\/\/laserenaradio.cl\/web\/wp-json\/wp\/v2\/posts\/11649","targetHints":{"allow":["GET"]}}],"collection":[{"href":"https:\/\/laserenaradio.cl\/web\/wp-json\/wp\/v2\/posts"}],"about":[{"href":"https:\/\/laserenaradio.cl\/web\/wp-json\/wp\/v2\/types\/post"}],"author":[{"embeddable":true,"href":"https:\/\/laserenaradio.cl\/web\/wp-json\/wp\/v2\/users\/2"}],"replies":[{"embeddable":true,"href":"https:\/\/laserenaradio.cl\/web\/wp-json\/wp\/v2\/comments?post=11649"}],"version-history":[{"count":1,"href":"https:\/\/laserenaradio.cl\/web\/wp-json\/wp\/v2\/posts\/11649\/revisions"}],"predecessor-version":[{"id":11650,"href":"https:\/\/laserenaradio.cl\/web\/wp-json\/wp\/v2\/posts\/11649\/revisions\/11650"}],"wp:featuredmedia":[{"embeddable":true,"href":"https:\/\/laserenaradio.cl\/web\/wp-json\/wp\/v2\/media\/9076"}],"wp:attachment":[{"href":"https:\/\/laserenaradio.cl\/web\/wp-json\/wp\/v2\/media?parent=11649"}],"wp:term":[{"taxonomy":"category","embeddable":true,"href":"https:\/\/laserenaradio.cl\/web\/wp-json\/wp\/v2\/categories?post=11649"},{"taxonomy":"post_tag","embeddable":true,"href":"https:\/\/laserenaradio.cl\/web\/wp-json\/wp\/v2\/tags?post=11649"}],"curies":[{"name":"wp","href":"https:\/\/api.w.org\/{rel}","templated":true}]}}