{"id":11642,"date":"2025-02-14T11:20:52","date_gmt":"2025-02-14T14:20:52","guid":{"rendered":"https:\/\/laserenaradio.cl\/web\/?p=11642"},"modified":"2025-02-14T11:20:52","modified_gmt":"2025-02-14T14:20:52","slug":"un-debate-sin-precedentes-que-memoria-tiene-realmente-el-gobierno-sobre-su-relacion-con-carabineros-durante-el-estallido-social","status":"publish","type":"post","link":"https:\/\/laserenaradio.cl\/web\/2025\/02\/14\/un-debate-sin-precedentes-que-memoria-tiene-realmente-el-gobierno-sobre-su-relacion-con-carabineros-durante-el-estallido-social\/","title":{"rendered":"Un debate sin precedentes: \u00bfqu\u00e9 memoria tiene realmente el gobierno sobre su relaci\u00f3n con Carabineros durante el Estallido Social?"},"content":{"rendered":"<p><b>La subsecretaria Nicole Cardoch de la Secretar\u00eda General de Gobierno afirm\u00f3 no recordar enfrentamientos directos con <a href=\"https:\/\/www.carabineros.cl\/\">Carabineros<\/a> durante el Estallido Social, generando reacciones tanto en la oposici\u00f3n como en sectores del oficialismo.<\/b><!--more-->.<\/p>\n<p>En cuanto a la Oposici\u00f3n, Jorge Alessandri (UDI), critica a la subsecretaria por afirmaci\u00f3n. En tanto, Frank Sauerbaum (RN), acusa al gobierno de intentar desconocer el rol de <a href=\"https:\/\/www.carabineros.cl\/\">Carabineros<\/a> durante la crisis.<\/p>\n<p>Por parte del oficialismo, Paulina Vodanovic (PS), defiende que su postura fue cr\u00edtica, pero no apoy\u00f3 la violencia. <\/p>\n<p>Finalmente, Mario Herrera, considera que esto es un intento del Ejecutivo para desmarcarse del Estallido Social. Asimismo, Crist\u00f3bal Bellolio, ve en la derrota del proyecto constitucional una reconfiguraci\u00f3n pol\u00edtica que privilegia el orden.<\/p>\n","protected":false},"excerpt":{"rendered":"<p>La subsecretaria Nicole Cardoch de la Secretar\u00eda General de Gobierno afirm\u00f3 no recordar enfrentamientos directos con Carabineros durante el Estallido Social, generando reacciones tanto en la oposici\u00f3n como en sectores del oficialismo.<\/p>\n","protected":false},"author":2,"featured_media":11641,"comment_status":"closed","ping_status":"open","sticky":false,"template":"","format":"standard","meta":{"_jetpack_memberships_contains_paid_content":false,"jnews-multi-image_gallery":[],"jnews_single_post":[],"jnews_primary_category":[],"jnews_social_meta":[],"jnews_paywall_metabox":[],"jnews_review":[],"enable_review":"","type":"","name":"","summary":"","brand":"","sku":"","good":[],"bad":[],"score_override":"","override_value":"","rating":[],"price":[],"jnews_override_counter":[],"jnews_post_split":[],"footnotes":""},"categories":[21],"tags":[],"class_list":["post-11642","post","type-post","status-publish","format-standard","has-post-thumbnail","hentry","category-nacional"],"jetpack_featured_media_url":"https:\/\/laserenaradio.cl\/web\/wp-content\/uploads\/2025\/02\/homepiaiextractoscrapimg_webpCarabinerosEstallido_1.webp","jetpack_sharing_enabled":true,"_links":{"self":[{"href":"https:\/\/laserenaradio.cl\/web\/wp-json\/wp\/v2\/posts\/11642","targetHints":{"allow":["GET"]}}],"collection":[{"href":"https:\/\/laserenaradio.cl\/web\/wp-json\/wp\/v2\/posts"}],"about":[{"href":"https:\/\/laserenaradio.cl\/web\/wp-json\/wp\/v2\/types\/post"}],"author":[{"embeddable":true,"href":"https:\/\/laserenaradio.cl\/web\/wp-json\/wp\/v2\/users\/2"}],"replies":[{"embeddable":true,"href":"https:\/\/laserenaradio.cl\/web\/wp-json\/wp\/v2\/comments?post=11642"}],"version-history":[{"count":1,"href":"https:\/\/laserenaradio.cl\/web\/wp-json\/wp\/v2\/posts\/11642\/revisions"}],"predecessor-version":[{"id":11643,"href":"https:\/\/laserenaradio.cl\/web\/wp-json\/wp\/v2\/posts\/11642\/revisions\/11643"}],"wp:featuredmedia":[{"embeddable":true,"href":"https:\/\/laserenaradio.cl\/web\/wp-json\/wp\/v2\/media\/11641"}],"wp:attachment":[{"href":"https:\/\/laserenaradio.cl\/web\/wp-json\/wp\/v2\/media?parent=11642"}],"wp:term":[{"taxonomy":"category","embeddable":true,"href":"https:\/\/laserenaradio.cl\/web\/wp-json\/wp\/v2\/categories?post=11642"},{"taxonomy":"post_tag","embeddable":true,"href":"https:\/\/laserenaradio.cl\/web\/wp-json\/wp\/v2\/tags?post=11642"}],"curies":[{"name":"wp","href":"https:\/\/api.w.org\/{rel}","templated":true}]}}