{"id":11639,"date":"2025-02-14T11:14:02","date_gmt":"2025-02-14T14:14:02","guid":{"rendered":"https:\/\/laserenaradio.cl\/web\/?p=11639"},"modified":"2025-02-14T11:14:02","modified_gmt":"2025-02-14T14:14:02","slug":"trump-impone-aranceles-al-acero-y-aluminio-para-paises-como-mexico-canada-y-brasil","status":"publish","type":"post","link":"https:\/\/laserenaradio.cl\/web\/2025\/02\/14\/trump-impone-aranceles-al-acero-y-aluminio-para-paises-como-mexico-canada-y-brasil\/","title":{"rendered":"Trump impone aranceles al acero y aluminio para pa\u00edses como M\u00e9xico, Canad\u00e1 y Brasil"},"content":{"rendered":"<p><b>El presidente de Estados Unidos, Donald Trump, anunci\u00f3 aranceles del 25% para el acero y el aluminio en varios pa\u00edses, incluyendo M\u00e9xico, Canad\u00e1 y Brasil, a partir del 4 de marzo<\/b><!--more-->.<\/p>\n<p>Esta medida ha generado incertidumbre global y podr\u00eda afectar los patrones comerciales mundiales.<\/p>\n<p>Economistas chilenos consideran que el impacto directo en su pa\u00eds ser\u00eda limitado, pero advierten sobre posibles efectos inflacionarios y cambios en la demanda de metales como el cobre.<\/p>\n<p>Expertos recomiendan alianzas estrat\u00e9gicas para proteger intereses nacionales ante posibles medidas proteccionistas.<\/p>\n","protected":false},"excerpt":{"rendered":"<p>El presidente de Estados Unidos, Donald Trump, anunci\u00f3 aranceles del 25% para el acero y el aluminio en varios pa\u00edses, incluyendo M\u00e9xico, Canad\u00e1 y Brasil, a partir del 4 de marzo<\/p>\n","protected":false},"author":2,"featured_media":11638,"comment_status":"closed","ping_status":"open","sticky":false,"template":"","format":"standard","meta":{"_jetpack_memberships_contains_paid_content":false,"jnews-multi-image_gallery":[],"jnews_single_post":[],"jnews_primary_category":[],"jnews_social_meta":[],"jnews_paywall_metabox":[],"jnews_review":[],"enable_review":"","type":"","name":"","summary":"","brand":"","sku":"","good":[],"bad":[],"score_override":"","override_value":"","rating":[],"price":[],"jnews_override_counter":[],"jnews_post_split":[],"footnotes":""},"categories":[85],"tags":[],"class_list":["post-11639","post","type-post","status-publish","format-standard","has-post-thumbnail","hentry","category-economia"],"jetpack_featured_media_url":"https:\/\/laserenaradio.cl\/web\/wp-content\/uploads\/2025\/02\/homepiaiextractoscrapimg_webpTrumpMexico_0.webp","jetpack_sharing_enabled":true,"_links":{"self":[{"href":"https:\/\/laserenaradio.cl\/web\/wp-json\/wp\/v2\/posts\/11639","targetHints":{"allow":["GET"]}}],"collection":[{"href":"https:\/\/laserenaradio.cl\/web\/wp-json\/wp\/v2\/posts"}],"about":[{"href":"https:\/\/laserenaradio.cl\/web\/wp-json\/wp\/v2\/types\/post"}],"author":[{"embeddable":true,"href":"https:\/\/laserenaradio.cl\/web\/wp-json\/wp\/v2\/users\/2"}],"replies":[{"embeddable":true,"href":"https:\/\/laserenaradio.cl\/web\/wp-json\/wp\/v2\/comments?post=11639"}],"version-history":[{"count":1,"href":"https:\/\/laserenaradio.cl\/web\/wp-json\/wp\/v2\/posts\/11639\/revisions"}],"predecessor-version":[{"id":11640,"href":"https:\/\/laserenaradio.cl\/web\/wp-json\/wp\/v2\/posts\/11639\/revisions\/11640"}],"wp:featuredmedia":[{"embeddable":true,"href":"https:\/\/laserenaradio.cl\/web\/wp-json\/wp\/v2\/media\/11638"}],"wp:attachment":[{"href":"https:\/\/laserenaradio.cl\/web\/wp-json\/wp\/v2\/media?parent=11639"}],"wp:term":[{"taxonomy":"category","embeddable":true,"href":"https:\/\/laserenaradio.cl\/web\/wp-json\/wp\/v2\/categories?post=11639"},{"taxonomy":"post_tag","embeddable":true,"href":"https:\/\/laserenaradio.cl\/web\/wp-json\/wp\/v2\/tags?post=11639"}],"curies":[{"name":"wp","href":"https:\/\/api.w.org\/{rel}","templated":true}]}}