{"id":11630,"date":"2025-02-13T14:30:14","date_gmt":"2025-02-13T17:30:14","guid":{"rendered":"https:\/\/laserenaradio.cl\/web\/?p=11630"},"modified":"2025-02-13T14:30:53","modified_gmt":"2025-02-13T17:30:53","slug":"un-joven-venezolano-es-tragado-y-expulsado-por-una-ballena-en-el-estrecho-de-magallanes","status":"publish","type":"post","link":"https:\/\/laserenaradio.cl\/web\/2025\/02\/13\/un-joven-venezolano-es-tragado-y-expulsado-por-una-ballena-en-el-estrecho-de-magallanes\/","title":{"rendered":"Un joven venezolano es tragado y expulsado por una ballena en el Estrecho de Magallanes"},"content":{"rendered":"\n<p><b>Un ciudadano venezolano residente en Punta Arenas, Dell Simancas, registr\u00f3 el s\u00e1bado 8 de febrero un incidente inesperado con su hijo Adri\u00e1n durante una traves\u00eda h\u00edbrida de trekking y packraft cerca del Estrecho de Magallanes<\/b><\/p>\n\n\n\n<!--more-->\n\n\n\n<p>.<\/p>\n\n\n\n<p>Mientras Dell grababa a Adri\u00e1n remando, apareci\u00f3 una ballena jorobada que los expuls\u00f3 inmediatamente.<\/p>\n\n\n\n<p>Afortunadamente, Adri\u00e1n result\u00f3 ileso tras estar brevemente dentro de la boca del cet\u00e1ceo.<\/p>\n\n\n\n<p>Posteriormente, ambos decidieron continuar sus exploraciones con mayor precauci\u00f3n.<\/p>\n\n\n\n<blockquote class=\"twitter-tweet\" data-media-max-width=\"560\"><p lang=\"es\" dir=\"ltr\">\ud83d\udea8\ud83c\udde8\ud83c\uddf1 | Impactante: Una ballena jorobada se trag\u00f3 a un joven de 20 a\u00f1os mientras hac\u00eda packrafting con su padre en la Bah\u00eda \u00c1guila, Punta Arenas. El momento, captado en video, muestra c\u00f3mo el cet\u00e1ceo lo escupe segundos despu\u00e9s. <a href=\"https:\/\/t.co\/spcucj1Ne2\">pic.twitter.com\/spcucj1Ne2<\/a><\/p>&mdash; Mundo en Conflicto \ud83c\udf0e (@MundoEConflicto) <a href=\"https:\/\/twitter.com\/MundoEConflicto\/status\/1889824314318528701?ref_src=twsrc%5Etfw\">February 12, 2025<\/a><\/blockquote> <script async src=\"https:\/\/platform.twitter.com\/widgets.js\" charset=\"utf-8\"><\/script>\n","protected":false},"excerpt":{"rendered":"<p>Un ciudadano venezolano residente en Punta Arenas, Dell Simancas, registr\u00f3 el s\u00e1bado 8 de febrero un incidente inesperado con su hijo Adri\u00e1n durante una traves\u00eda h\u00edbrida de trekking y packraft cerca del Estrecho de Magallanes<\/p>\n","protected":false},"author":2,"featured_media":11629,"comment_status":"closed","ping_status":"open","sticky":false,"template":"","format":"standard","meta":{"_jetpack_memberships_contains_paid_content":false,"jnews-multi-image_gallery":[],"jnews_single_post":{"format":"standard"},"jnews_primary_category":[],"jnews_social_meta":[],"jnews_paywall_metabox":[],"jnews_review":[],"enable_review":"","type":"","name":"","summary":"","brand":"","sku":"","good":[],"bad":[],"score_override":"","override_value":"","rating":[],"price":[],"jnews_override_counter":[],"jnews_post_split":[],"footnotes":""},"categories":[21],"tags":[],"class_list":["post-11630","post","type-post","status-publish","format-standard","has-post-thumbnail","hentry","category-nacional"],"jetpack_featured_media_url":"https:\/\/laserenaradio.cl\/web\/wp-content\/uploads\/2025\/02\/homepiaiextractoscrapimg_webpEstrechoMagallanes_1.webp","jetpack_sharing_enabled":true,"_links":{"self":[{"href":"https:\/\/laserenaradio.cl\/web\/wp-json\/wp\/v2\/posts\/11630","targetHints":{"allow":["GET"]}}],"collection":[{"href":"https:\/\/laserenaradio.cl\/web\/wp-json\/wp\/v2\/posts"}],"about":[{"href":"https:\/\/laserenaradio.cl\/web\/wp-json\/wp\/v2\/types\/post"}],"author":[{"embeddable":true,"href":"https:\/\/laserenaradio.cl\/web\/wp-json\/wp\/v2\/users\/2"}],"replies":[{"embeddable":true,"href":"https:\/\/laserenaradio.cl\/web\/wp-json\/wp\/v2\/comments?post=11630"}],"version-history":[{"count":2,"href":"https:\/\/laserenaradio.cl\/web\/wp-json\/wp\/v2\/posts\/11630\/revisions"}],"predecessor-version":[{"id":11632,"href":"https:\/\/laserenaradio.cl\/web\/wp-json\/wp\/v2\/posts\/11630\/revisions\/11632"}],"wp:featuredmedia":[{"embeddable":true,"href":"https:\/\/laserenaradio.cl\/web\/wp-json\/wp\/v2\/media\/11629"}],"wp:attachment":[{"href":"https:\/\/laserenaradio.cl\/web\/wp-json\/wp\/v2\/media?parent=11630"}],"wp:term":[{"taxonomy":"category","embeddable":true,"href":"https:\/\/laserenaradio.cl\/web\/wp-json\/wp\/v2\/categories?post=11630"},{"taxonomy":"post_tag","embeddable":true,"href":"https:\/\/laserenaradio.cl\/web\/wp-json\/wp\/v2\/tags?post=11630"}],"curies":[{"name":"wp","href":"https:\/\/api.w.org\/{rel}","templated":true}]}}