{"id":11627,"date":"2025-02-13T14:21:13","date_gmt":"2025-02-13T17:21:13","guid":{"rendered":"https:\/\/laserenaradio.cl\/web\/?p=11627"},"modified":"2025-02-13T14:21:13","modified_gmt":"2025-02-13T17:21:13","slug":"el-ministro-jaime-gajardo-habla-sobre-las-declaraciones-de-nicole-cardoch-y-respaldo-a-movilizaciones-sociales","status":"publish","type":"post","link":"https:\/\/laserenaradio.cl\/web\/2025\/02\/13\/el-ministro-jaime-gajardo-habla-sobre-las-declaraciones-de-nicole-cardoch-y-respaldo-a-movilizaciones-sociales\/","title":{"rendered":"El ministro Jaime Gajardo habla sobre las declaraciones de Nicole Cardoch y respaldo a movilizaciones sociales"},"content":{"rendered":"<p><b>El ministro de Justicia y Derechos Humanos, Jaime Gajardo, respondi\u00f3 a las declaraciones de Nicole Cardoch, subsecretaria general de Gobierno, quien afirm\u00f3 no recordar enfrentamientos directos entre su sector y <a href=\"https:\/\/www.carabineros.cl\/\">Carabineros<\/a> durante el estallido social de 2019<\/b><!--more-->.<\/p>\n<p>Gajardo enfatiz\u00f3 que las movilizaciones sociales son leg\u00edtimas siempre que se realicen pac\u00edficamente.<\/p>\n<p>Aunque reconoci\u00f3 que hubo un cuestionamiento al accionar de <a href=\"https:\/\/www.carabineros.cl\/\">Carabineros<\/a> debido a su uso desproporcionado, indic\u00f3 que no hay evidencia de enfrentamientos directos entre personeros del Gobierno y <a href=\"https:\/\/www.carabineros.cl\/\">Carabineros<\/a>..<\/p>\n","protected":false},"excerpt":{"rendered":"<p>El ministro de Justicia y Derechos Humanos, Jaime Gajardo, respondi\u00f3 a las declaraciones de Nicole Cardoch, subsecretaria general de Gobierno, quien afirm\u00f3 no recordar enfrentamientos directos entre su sector y Carabineros durante el estallido social de 2019<\/p>\n","protected":false},"author":2,"featured_media":9077,"comment_status":"closed","ping_status":"open","sticky":false,"template":"","format":"standard","meta":{"_jetpack_memberships_contains_paid_content":false,"jnews-multi-image_gallery":[],"jnews_single_post":[],"jnews_primary_category":[],"jnews_social_meta":[],"jnews_paywall_metabox":[],"jnews_review":[],"enable_review":"","type":"","name":"","summary":"","brand":"","sku":"","good":[],"bad":[],"score_override":"","override_value":"","rating":[],"price":[],"jnews_override_counter":[],"jnews_post_split":[],"footnotes":""},"categories":[83],"tags":[],"class_list":["post-11627","post","type-post","status-publish","format-standard","has-post-thumbnail","hentry","category-politica"],"jetpack_featured_media_url":"https:\/\/laserenaradio.cl\/web\/wp-content\/uploads\/2024\/12\/laserenaradio_politica.webp","jetpack_sharing_enabled":true,"_links":{"self":[{"href":"https:\/\/laserenaradio.cl\/web\/wp-json\/wp\/v2\/posts\/11627","targetHints":{"allow":["GET"]}}],"collection":[{"href":"https:\/\/laserenaradio.cl\/web\/wp-json\/wp\/v2\/posts"}],"about":[{"href":"https:\/\/laserenaradio.cl\/web\/wp-json\/wp\/v2\/types\/post"}],"author":[{"embeddable":true,"href":"https:\/\/laserenaradio.cl\/web\/wp-json\/wp\/v2\/users\/2"}],"replies":[{"embeddable":true,"href":"https:\/\/laserenaradio.cl\/web\/wp-json\/wp\/v2\/comments?post=11627"}],"version-history":[{"count":1,"href":"https:\/\/laserenaradio.cl\/web\/wp-json\/wp\/v2\/posts\/11627\/revisions"}],"predecessor-version":[{"id":11628,"href":"https:\/\/laserenaradio.cl\/web\/wp-json\/wp\/v2\/posts\/11627\/revisions\/11628"}],"wp:featuredmedia":[{"embeddable":true,"href":"https:\/\/laserenaradio.cl\/web\/wp-json\/wp\/v2\/media\/9077"}],"wp:attachment":[{"href":"https:\/\/laserenaradio.cl\/web\/wp-json\/wp\/v2\/media?parent=11627"}],"wp:term":[{"taxonomy":"category","embeddable":true,"href":"https:\/\/laserenaradio.cl\/web\/wp-json\/wp\/v2\/categories?post=11627"},{"taxonomy":"post_tag","embeddable":true,"href":"https:\/\/laserenaradio.cl\/web\/wp-json\/wp\/v2\/tags?post=11627"}],"curies":[{"name":"wp","href":"https:\/\/api.w.org\/{rel}","templated":true}]}}