{"id":11625,"date":"2025-02-13T14:17:10","date_gmt":"2025-02-13T17:17:10","guid":{"rendered":"https:\/\/laserenaradio.cl\/web\/?p=11625"},"modified":"2025-02-13T14:17:10","modified_gmt":"2025-02-13T17:17:10","slug":"extienden-toque-de-queda-por-la-region-de-la-araucania","status":"publish","type":"post","link":"https:\/\/laserenaradio.cl\/web\/2025\/02\/13\/extienden-toque-de-queda-por-la-region-de-la-araucania\/","title":{"rendered":"Extienden Toque de Queda por la Regi\u00f3n de La Araucan\u00eda"},"content":{"rendered":"<p><b>Las autoridades extendieron el toque de queda durante 10 horas (22:00 a 06:00) en seis comunas de La Araucan\u00eda (Angol, Ercilla, Collipulli, Traigu\u00e9n, Lumaco y Galvarino), medida que se evaluar\u00e1 el viernes<\/b><!--more-->.<\/p>\n<p>Simult\u00e1neamente, un diputado por La Araucan\u00eda Jorge Rathgeb (RN) solicit\u00f3 al Ejecutivo declarar estado de cat\u00e1strofe para la regi\u00f3n debido a los incendios forestales, y pidi\u00f3 facultades especiales a las fuerzas armadas y policiales.<\/p>\n","protected":false},"excerpt":{"rendered":"<p>Las autoridades extendieron el toque de queda durante 10 horas (22:00 a 06:00) en seis comunas de La Araucan\u00eda (Angol, Ercilla, Collipulli, Traigu\u00e9n, Lumaco y Galvarino), medida que se evaluar\u00e1 el viernes<\/p>\n","protected":false},"author":2,"featured_media":11624,"comment_status":"closed","ping_status":"open","sticky":false,"template":"","format":"standard","meta":{"_jetpack_memberships_contains_paid_content":false,"jnews-multi-image_gallery":[],"jnews_single_post":[],"jnews_primary_category":[],"jnews_social_meta":[],"jnews_paywall_metabox":[],"jnews_review":[],"enable_review":"","type":"","name":"","summary":"","brand":"","sku":"","good":[],"bad":[],"score_override":"","override_value":"","rating":[],"price":[],"jnews_override_counter":[],"jnews_post_split":[],"footnotes":""},"categories":[21],"tags":[],"class_list":["post-11625","post","type-post","status-publish","format-standard","has-post-thumbnail","hentry","category-nacional"],"jetpack_featured_media_url":"https:\/\/laserenaradio.cl\/web\/wp-content\/uploads\/2025\/02\/homepiaiextractoscrapimg_webpLasautoridadesextendierontoque_1.webp","jetpack_sharing_enabled":true,"_links":{"self":[{"href":"https:\/\/laserenaradio.cl\/web\/wp-json\/wp\/v2\/posts\/11625","targetHints":{"allow":["GET"]}}],"collection":[{"href":"https:\/\/laserenaradio.cl\/web\/wp-json\/wp\/v2\/posts"}],"about":[{"href":"https:\/\/laserenaradio.cl\/web\/wp-json\/wp\/v2\/types\/post"}],"author":[{"embeddable":true,"href":"https:\/\/laserenaradio.cl\/web\/wp-json\/wp\/v2\/users\/2"}],"replies":[{"embeddable":true,"href":"https:\/\/laserenaradio.cl\/web\/wp-json\/wp\/v2\/comments?post=11625"}],"version-history":[{"count":1,"href":"https:\/\/laserenaradio.cl\/web\/wp-json\/wp\/v2\/posts\/11625\/revisions"}],"predecessor-version":[{"id":11626,"href":"https:\/\/laserenaradio.cl\/web\/wp-json\/wp\/v2\/posts\/11625\/revisions\/11626"}],"wp:featuredmedia":[{"embeddable":true,"href":"https:\/\/laserenaradio.cl\/web\/wp-json\/wp\/v2\/media\/11624"}],"wp:attachment":[{"href":"https:\/\/laserenaradio.cl\/web\/wp-json\/wp\/v2\/media?parent=11625"}],"wp:term":[{"taxonomy":"category","embeddable":true,"href":"https:\/\/laserenaradio.cl\/web\/wp-json\/wp\/v2\/categories?post=11625"},{"taxonomy":"post_tag","embeddable":true,"href":"https:\/\/laserenaradio.cl\/web\/wp-json\/wp\/v2\/tags?post=11625"}],"curies":[{"name":"wp","href":"https:\/\/api.w.org\/{rel}","templated":true}]}}