{"id":11622,"date":"2025-02-13T14:13:55","date_gmt":"2025-02-13T17:13:55","guid":{"rendered":"https:\/\/laserenaradio.cl\/web\/?p=11622"},"modified":"2025-02-13T14:13:55","modified_gmt":"2025-02-13T17:13:55","slug":"detienen-a-miembros-de-banda-delictual-que-robaban-en-carretera-austral-tras-denuncia-viralizada-en-redes-sociales","status":"publish","type":"post","link":"https:\/\/laserenaradio.cl\/web\/2025\/02\/13\/detienen-a-miembros-de-banda-delictual-que-robaban-en-carretera-austral-tras-denuncia-viralizada-en-redes-sociales\/","title":{"rendered":"Detienen a miembros de banda delictual que robaban en Carretera Austral, tras denuncia viralizada en redes sociales"},"content":{"rendered":"<p><b><a href=\"https:\/\/www.carabineros.cl\/\">Carabineros<\/a> de Coyhaique detuvo a cinco personas sospechosas de una banda delictual que comet\u00eda robos en la Ruta CH-240, que un\u00eda a Coyhaique con Ays\u00e9n<\/b><!--more-->.<\/p>\n<p>La investigaci\u00f3n se inici\u00f3 tras la denuncia p\u00fablica y viralizaci\u00f3n en redes sociales por parte de la influencer argentina Martin Erlan (@martideviaje), quien result\u00f3 v\u00edctima del robo mientras recorr\u00eda la Carretera Austral.<\/p>\n<p>Con autorizaci\u00f3n judicial, se efectu\u00f3 un allanamiento en Ays\u00e9n donde se recuperaron los objetos robados a la influencer y otros pertenecientes a delitos previos.<\/p>\n<p>Se detuvo a cuatro hombres y una mujer, sospechosos de ser miembros de la banda que sustra\u00eda accesorios y pertenencias desde veh\u00edculos en la zona.<\/p>\n<p>Las investigaciones contin\u00faan para determinar si los detenidos est\u00e1n relacionados con otros robos denunciados y devolver las propiedades a sus due\u00f1os.<\/p>\n","protected":false},"excerpt":{"rendered":"<p>Carabineros de Coyhaique detuvo a cinco personas sospechosas de una banda delictual que comet\u00eda robos en la Ruta CH-240, que un\u00eda a Coyhaique con Ays\u00e9n<\/p>\n","protected":false},"author":2,"featured_media":11621,"comment_status":"closed","ping_status":"open","sticky":false,"template":"","format":"standard","meta":{"_jetpack_memberships_contains_paid_content":false,"jnews-multi-image_gallery":[],"jnews_single_post":[],"jnews_primary_category":[],"jnews_social_meta":[],"jnews_paywall_metabox":[],"jnews_review":[],"enable_review":"","type":"","name":"","summary":"","brand":"","sku":"","good":[],"bad":[],"score_override":"","override_value":"","rating":[],"price":[],"jnews_override_counter":[],"jnews_post_split":[],"footnotes":""},"categories":[21],"tags":[],"class_list":["post-11622","post","type-post","status-publish","format-standard","has-post-thumbnail","hentry","category-nacional"],"jetpack_featured_media_url":"https:\/\/laserenaradio.cl\/web\/wp-content\/uploads\/2025\/02\/homepiaiextractoscrapimg_webpbandaCoyhaiquedetuvodelictual_0.webp","jetpack_sharing_enabled":true,"_links":{"self":[{"href":"https:\/\/laserenaradio.cl\/web\/wp-json\/wp\/v2\/posts\/11622","targetHints":{"allow":["GET"]}}],"collection":[{"href":"https:\/\/laserenaradio.cl\/web\/wp-json\/wp\/v2\/posts"}],"about":[{"href":"https:\/\/laserenaradio.cl\/web\/wp-json\/wp\/v2\/types\/post"}],"author":[{"embeddable":true,"href":"https:\/\/laserenaradio.cl\/web\/wp-json\/wp\/v2\/users\/2"}],"replies":[{"embeddable":true,"href":"https:\/\/laserenaradio.cl\/web\/wp-json\/wp\/v2\/comments?post=11622"}],"version-history":[{"count":1,"href":"https:\/\/laserenaradio.cl\/web\/wp-json\/wp\/v2\/posts\/11622\/revisions"}],"predecessor-version":[{"id":11623,"href":"https:\/\/laserenaradio.cl\/web\/wp-json\/wp\/v2\/posts\/11622\/revisions\/11623"}],"wp:featuredmedia":[{"embeddable":true,"href":"https:\/\/laserenaradio.cl\/web\/wp-json\/wp\/v2\/media\/11621"}],"wp:attachment":[{"href":"https:\/\/laserenaradio.cl\/web\/wp-json\/wp\/v2\/media?parent=11622"}],"wp:term":[{"taxonomy":"category","embeddable":true,"href":"https:\/\/laserenaradio.cl\/web\/wp-json\/wp\/v2\/categories?post=11622"},{"taxonomy":"post_tag","embeddable":true,"href":"https:\/\/laserenaradio.cl\/web\/wp-json\/wp\/v2\/tags?post=11622"}],"curies":[{"name":"wp","href":"https:\/\/api.w.org\/{rel}","templated":true}]}}