{"id":11616,"date":"2025-02-13T14:02:53","date_gmt":"2025-02-13T17:02:53","guid":{"rendered":"https:\/\/laserenaradio.cl\/web\/?p=11616"},"modified":"2025-02-13T14:02:53","modified_gmt":"2025-02-13T17:02:53","slug":"joaquin-lavin-demanda-justicia-para-su-nuera-cathy-barriga-en-medio-de-investigaciones-por-corrupcion-en-maipu","status":"publish","type":"post","link":"https:\/\/laserenaradio.cl\/web\/2025\/02\/13\/joaquin-lavin-demanda-justicia-para-su-nuera-cathy-barriga-en-medio-de-investigaciones-por-corrupcion-en-maipu\/","title":{"rendered":"Joaqu\u00edn Lav\u00edn demanda justicia para su nuera Cathy Barriga, en medio de investigaciones por corrupci\u00f3n en Maip\u00fa"},"content":{"rendered":"<p><b>Joaqu\u00edn Lav\u00edn (UDI), suegro de Cathy Barriga, pide justicia para su nuera, quien se encuentra en prisi\u00f3n preventiva desde hace 3 meses por supuestos delitos de corrupci\u00f3n durante su gesti\u00f3n municipal en Maip\u00fa<\/b><!--more-->.<\/p>\n<p>Lav\u00edn acusa un &#8220;ensa\u00f1amiento&#8221; por parte del Ministerio P\u00fablico y critica la decisi\u00f3n de mantener a Barriga detenida, argumentando que no hay raz\u00f3n real para ello tras el cumplimiento de 10 meses de arresto domiciliario.<\/p>\n<p>El pol\u00edtico tambi\u00e9n menciona los efectos negativos en su nieto Romeo debido a la situaci\u00f3n de su madre.<\/p>\n<p>Afirma que la fiscal\u00eda intenta proponer nuevas reformalizaciones con un &#8220;ensa\u00f1amiento&#8221; no visto en otros casos, y cuestiona las bases del supuesto d\u00e9ficit de $30.000 millones.<\/p>\n<p>Finalmente, Lav\u00edn pide menos persecuci\u00f3n y m\u00e1s justicia real para su nuera.<\/p>\n","protected":false},"excerpt":{"rendered":"<p>Joaqu\u00edn Lav\u00edn (UDI), suegro de Cathy Barriga, pide justicia para su nuera, quien se encuentra en prisi\u00f3n preventiva desde hace 3 meses por supuestos delitos de corrupci\u00f3n durante su gesti\u00f3n municipal en Maip\u00fa<\/p>\n","protected":false},"author":2,"featured_media":11615,"comment_status":"closed","ping_status":"open","sticky":false,"template":"","format":"standard","meta":{"_jetpack_memberships_contains_paid_content":false,"jnews-multi-image_gallery":[],"jnews_single_post":[],"jnews_primary_category":[],"jnews_social_meta":[],"jnews_paywall_metabox":[],"jnews_review":[],"enable_review":"","type":"","name":"","summary":"","brand":"","sku":"","good":[],"bad":[],"score_override":"","override_value":"","rating":[],"price":[],"jnews_override_counter":[],"jnews_post_split":[],"footnotes":""},"categories":[83],"tags":[],"class_list":["post-11616","post","type-post","status-publish","format-standard","has-post-thumbnail","hentry","category-politica"],"jetpack_featured_media_url":"https:\/\/laserenaradio.cl\/web\/wp-content\/uploads\/2025\/02\/homepiaiextractoscrapimg_webpJoaquinLavin_1.webp","jetpack_sharing_enabled":true,"_links":{"self":[{"href":"https:\/\/laserenaradio.cl\/web\/wp-json\/wp\/v2\/posts\/11616","targetHints":{"allow":["GET"]}}],"collection":[{"href":"https:\/\/laserenaradio.cl\/web\/wp-json\/wp\/v2\/posts"}],"about":[{"href":"https:\/\/laserenaradio.cl\/web\/wp-json\/wp\/v2\/types\/post"}],"author":[{"embeddable":true,"href":"https:\/\/laserenaradio.cl\/web\/wp-json\/wp\/v2\/users\/2"}],"replies":[{"embeddable":true,"href":"https:\/\/laserenaradio.cl\/web\/wp-json\/wp\/v2\/comments?post=11616"}],"version-history":[{"count":1,"href":"https:\/\/laserenaradio.cl\/web\/wp-json\/wp\/v2\/posts\/11616\/revisions"}],"predecessor-version":[{"id":11617,"href":"https:\/\/laserenaradio.cl\/web\/wp-json\/wp\/v2\/posts\/11616\/revisions\/11617"}],"wp:featuredmedia":[{"embeddable":true,"href":"https:\/\/laserenaradio.cl\/web\/wp-json\/wp\/v2\/media\/11615"}],"wp:attachment":[{"href":"https:\/\/laserenaradio.cl\/web\/wp-json\/wp\/v2\/media?parent=11616"}],"wp:term":[{"taxonomy":"category","embeddable":true,"href":"https:\/\/laserenaradio.cl\/web\/wp-json\/wp\/v2\/categories?post=11616"},{"taxonomy":"post_tag","embeddable":true,"href":"https:\/\/laserenaradio.cl\/web\/wp-json\/wp\/v2\/tags?post=11616"}],"curies":[{"name":"wp","href":"https:\/\/api.w.org\/{rel}","templated":true}]}}