{"id":11613,"date":"2025-02-13T14:00:36","date_gmt":"2025-02-13T17:00:36","guid":{"rendered":"https:\/\/laserenaradio.cl\/web\/?p=11613"},"modified":"2025-02-13T14:00:36","modified_gmt":"2025-02-13T17:00:36","slug":"los-diputados-de-la-udi-proponen-un-proyecto-de-ley-para-extender-automaticamente-las-licencias-de-conducir","status":"publish","type":"post","link":"https:\/\/laserenaradio.cl\/web\/2025\/02\/13\/los-diputados-de-la-udi-proponen-un-proyecto-de-ley-para-extender-automaticamente-las-licencias-de-conducir\/","title":{"rendered":"Los diputados de la UDI proponen un proyecto de ley para extender autom\u00e1ticamente las licencias de conducir"},"content":{"rendered":"<p><b>Los diputados de la Bancada UDI, Felipe Donoso y Cristhian Moreira, anuncian que presentar\u00e1n un nuevo proyecto de ley durante la primera semana de marzo<\/b><!--more-->.<\/p>\n<p>Este proyecto busca extender autom\u00e1ticamente las licencias de conducir en todo Chile a aquellos conductores que no hayan cometido infracciones de tr\u00e1nsito durante los seis a\u00f1os de vigencia del documento, siempre y cuando cumplan con ex\u00e1menes m\u00e9dicos y oftalmol\u00f3gicos necesarios.<\/p>\n<p>El objetivo es agilizar el proceso y reducir la congesti\u00f3n en los departamentos de tr\u00e1nsito municipales, afectados por largas esperas para renovar las licencias.<\/p>\n<p>Los diputados critican la falta de soluciones propuestas por el Gobierno y se\u00f1alan que esta medida beneficiar\u00eda a muchos trabajadores que dependen del veh\u00edculo como medio de transporte.<\/p>\n","protected":false},"excerpt":{"rendered":"<p>Los diputados de la Bancada UDI, Felipe Donoso y Cristhian Moreira, anuncian que presentar\u00e1n un nuevo proyecto de ley durante la primera semana de marzo<\/p>\n","protected":false},"author":2,"featured_media":11612,"comment_status":"closed","ping_status":"open","sticky":false,"template":"","format":"standard","meta":{"_jetpack_memberships_contains_paid_content":false,"jnews-multi-image_gallery":[],"jnews_single_post":[],"jnews_primary_category":[],"jnews_social_meta":[],"jnews_paywall_metabox":[],"jnews_review":[],"enable_review":"","type":"","name":"","summary":"","brand":"","sku":"","good":[],"bad":[],"score_override":"","override_value":"","rating":[],"price":[],"jnews_override_counter":[],"jnews_post_split":[],"footnotes":""},"categories":[83],"tags":[],"class_list":["post-11613","post","type-post","status-publish","format-standard","has-post-thumbnail","hentry","category-politica"],"jetpack_featured_media_url":"https:\/\/laserenaradio.cl\/web\/wp-content\/uploads\/2025\/02\/homepiaiextractoscrapimg_webpdiputadosproyectolaslicencias_1.webp","jetpack_sharing_enabled":true,"_links":{"self":[{"href":"https:\/\/laserenaradio.cl\/web\/wp-json\/wp\/v2\/posts\/11613","targetHints":{"allow":["GET"]}}],"collection":[{"href":"https:\/\/laserenaradio.cl\/web\/wp-json\/wp\/v2\/posts"}],"about":[{"href":"https:\/\/laserenaradio.cl\/web\/wp-json\/wp\/v2\/types\/post"}],"author":[{"embeddable":true,"href":"https:\/\/laserenaradio.cl\/web\/wp-json\/wp\/v2\/users\/2"}],"replies":[{"embeddable":true,"href":"https:\/\/laserenaradio.cl\/web\/wp-json\/wp\/v2\/comments?post=11613"}],"version-history":[{"count":1,"href":"https:\/\/laserenaradio.cl\/web\/wp-json\/wp\/v2\/posts\/11613\/revisions"}],"predecessor-version":[{"id":11614,"href":"https:\/\/laserenaradio.cl\/web\/wp-json\/wp\/v2\/posts\/11613\/revisions\/11614"}],"wp:featuredmedia":[{"embeddable":true,"href":"https:\/\/laserenaradio.cl\/web\/wp-json\/wp\/v2\/media\/11612"}],"wp:attachment":[{"href":"https:\/\/laserenaradio.cl\/web\/wp-json\/wp\/v2\/media?parent=11613"}],"wp:term":[{"taxonomy":"category","embeddable":true,"href":"https:\/\/laserenaradio.cl\/web\/wp-json\/wp\/v2\/categories?post=11613"},{"taxonomy":"post_tag","embeddable":true,"href":"https:\/\/laserenaradio.cl\/web\/wp-json\/wp\/v2\/tags?post=11613"}],"curies":[{"name":"wp","href":"https:\/\/api.w.org\/{rel}","templated":true}]}}